{"id":27459,"date":"2026-04-29T03:31:13","date_gmt":"2026-04-29T03:31:13","guid":{"rendered":"https:\/\/reporteciudadanochiapas.com\/?p=27459"},"modified":"2026-04-29T03:31:14","modified_gmt":"2026-04-29T03:31:14","slug":"piden-no-encubrir-ni-beneficiar-a-senalados-por-asesinato-de-estudiante","status":"publish","type":"post","link":"https:\/\/reporteciudadanochiapas.com\/?p=27459","title":{"rendered":"Piden no encubrir ni beneficiar a se\u00f1alados por asesinato de estudiante"},"content":{"rendered":"\n<figure class=\"wp-block-image size-large\"><img loading=\"lazy\" decoding=\"async\" width=\"768\" height=\"1024\" src=\"https:\/\/reporteciudadanochiapas.com\/wp-content\/uploads\/2026\/04\/IMG-20260428-WA0007-768x1024.jpg\" alt=\"\" class=\"wp-image-27460\" srcset=\"https:\/\/reporteciudadanochiapas.com\/wp-content\/uploads\/2026\/04\/IMG-20260428-WA0007-768x1024.jpg 768w, https:\/\/reporteciudadanochiapas.com\/wp-content\/uploads\/2026\/04\/IMG-20260428-WA0007-225x300.jpg 225w, https:\/\/reporteciudadanochiapas.com\/wp-content\/uploads\/2026\/04\/IMG-20260428-WA0007-1152x1536.jpg 1152w, https:\/\/reporteciudadanochiapas.com\/wp-content\/uploads\/2026\/04\/IMG-20260428-WA0007.jpg 1200w\" sizes=\"auto, (max-width: 768px) 100vw, 768px\" \/><\/figure>\n\n\n\n<p><br>Manuel Jim\u00e9nez.<br>28 de abril del 2026 . Tuxtla Guti\u00e9rrez. \u2013 \u201cNo es posible que quien mata a una persona enfrente solo tres a\u00f1os de prisi\u00f3n por encubrimiento\u201d, expresaron Janeth Ventura Mares y Alfredo S\u00e1nchez, padres del joven Alfred Hazael S\u00e1nchez Ventura \u2014asesinado por sus propios compa\u00f1eros de universidad el 11 de septiembre de 2025\u2014, denunciaron este martes una red de corrupci\u00f3n que, aseguran, ha protegido a los homicidas durante nueve meses.<br>En una conferencia de prensa cargada de dolor y furia, la familia no solo reclam\u00f3 justicia para su hijo, sino que puso nombres y apellidos a los funcionarios que, a su juicio, \u201cvendieron\u201d el caso.<br>El primer se\u00f1alado fue el fiscal del Ministerio P\u00fablico adscrito a la Fiscal\u00eda Metropolitana, Hugo Fredi Alegr\u00eda Toal\u00e1. Seg\u00fan la denuncia de los padres, este servidor p\u00fablico desvi\u00f3 la investigaci\u00f3n para que uno de los responsables enfrentara \u00fanicamente el delito de \u201cencubrimiento por favorecimiento\u201d, con una pena m\u00e1xima de tres a\u00f1os.<\/p>\n\n\n\n<p>\u201cOlvid\u00f3 por intereses personales el delito de homicidio calificado. Vendi\u00f3 nuestro asunto a favor de los imputados\u201d, declar\u00f3 la madre del joven, visiblemente afectada.<br>Los padres revelaron que, aunque el fiscal general Jorge Luis Llaven Abarca y el gobernador Eduardo Ram\u00edrez Aguilar dieron instrucciones expl\u00edcitas de investigar a fondo, Alegr\u00eda Toal\u00e1 habr\u00eda hecho caso omiso y actuado, seg\u00fan la querella, por intereses econ\u00f3micos.<br>Otra instancia se\u00f1alada fue la Fiscal\u00eda Antisecuestros, que conoci\u00f3 inicialmente la denuncia pero, afirmaron los padres, no dio seguimiento oportuno ni remiti\u00f3 los hallazgos a la Fiscal\u00eda Metropolitana. Actualmente, el caso est\u00e1 en manos de la Fiscal\u00eda Especializada en Homicidios.<br>Pero la revelaci\u00f3n que encendi\u00f3 la conferencia fue otra: un familiar de uno de los detenidos labora dentro de la Fiscal\u00eda General del Estado de Chiapas. \u201cHan triangulado nexos en busca de su libertad\u201d, denunci\u00f3 la mujer.<br>La denuncia no se detuvo en el Ministerio P\u00fablico. Los padres tambi\u00e9n apuntaron contra el juez Manuel Mart\u00edn Antonio \u00c1lvarez, a quien acusaron de estar coludido en el tr\u00e1fico de influencias. Solicitaron \u201cde manera categ\u00f3rica y contundente\u201d su remoci\u00f3n.<br>\u201cEl juez no se excus\u00f3 de manera oficiosa. Ya tenemos pruebas y las entregamos al Presidente del Poder Judicial del Estado. Estamos en espera de sus instrucciones. Hemos solicitado su recusaci\u00f3n en tiempo y forma\u201d, puntualizaron.<br>Con el eslogan del gobierno estatal \u201cCero Impunidad\u201d como tel\u00f3n de fondo, los padres lanzaron una cr\u00edtica directa: \u201cTodav\u00eda hay funcionarios que este lema se lo pasan por alto, pretendiendo entorpecer la justicia a manos del que tiene dinero para comprar la ley\u201d.<br>A pesar de la desconfianza, hicieron un llamado al gobernador Eduardo Ram\u00edrez Aguilar y al fiscal Jorge Luis Llaven Abarca para que pongan \u201cespecial atenci\u00f3n\u201d al caso, recordando que el propio mandatario ha dicho que se aplicar\u00e1 la ley \u201ccaiga quien caiga\u201d.<br>En medio del se\u00f1alamiento general, los padres reconocieron el apoyo del coordinador de fiscales, Armando P\u00e9rez Narv\u00e1ez, y del fiscal especializado en homicidios, Arturo Pablo Li\u00e9vano Flores, quienes, aseguraron, han atendido el caso con prontitud y dado seguimiento a la carpeta de investigaci\u00f3n.<br>\u201cEl proceso penal seguir\u00e1 su marcha, pero esta vez ya no confiaremos en nadie\u201d, advirti\u00f3.<br>\u201cNo es posible que quien priva de la vida a alguien sea acusado s\u00f3lo de encubrimiento. Cu\u00e1nta gente sufre por fiscales que se venden por enriquecerse, sin importarles que lo m\u00e1s valioso es la vida misma\u201d, concluy\u00f3 la madre.<\/p>\n","protected":false},"excerpt":{"rendered":"<p>Manuel Jim\u00e9nez.28 de abril del 2026 . Tuxtla Guti\u00e9rrez. \u2013 \u201cNo es posible que quien mata a una persona enfrente solo tres a\u00f1os de prisi\u00f3n por encubrimiento\u201d, expresaron Janeth Ventura Mares y Alfredo S\u00e1nchez, padres del joven Alfred Hazael S\u00e1nchez Ventura \u2014asesinado por sus propios compa\u00f1eros de universidad el 11 de septiembre de 2025\u2014, denunciaron &hellip;<\/p>\n","protected":false},"author":2,"featured_media":27460,"comment_status":"open","ping_status":"open","sticky":false,"template":"","format":"standard","meta":{"footnotes":""},"categories":[6],"tags":[],"class_list":["post-27459","post","type-post","status-publish","format-standard","has-post-thumbnail","","category-tuxtla"],"_links":{"self":[{"href":"https:\/\/reporteciudadanochiapas.com\/index.php?rest_route=\/wp\/v2\/posts\/27459","targetHints":{"allow":["GET"]}}],"collection":[{"href":"https:\/\/reporteciudadanochiapas.com\/index.php?rest_route=\/wp\/v2\/posts"}],"about":[{"href":"https:\/\/reporteciudadanochiapas.com\/index.php?rest_route=\/wp\/v2\/types\/post"}],"author":[{"embeddable":true,"href":"https:\/\/reporteciudadanochiapas.com\/index.php?rest_route=\/wp\/v2\/users\/2"}],"replies":[{"embeddable":true,"href":"https:\/\/reporteciudadanochiapas.com\/index.php?rest_route=%2Fwp%2Fv2%2Fcomments&post=27459"}],"version-history":[{"count":1,"href":"https:\/\/reporteciudadanochiapas.com\/index.php?rest_route=\/wp\/v2\/posts\/27459\/revisions"}],"predecessor-version":[{"id":27461,"href":"https:\/\/reporteciudadanochiapas.com\/index.php?rest_route=\/wp\/v2\/posts\/27459\/revisions\/27461"}],"wp:featuredmedia":[{"embeddable":true,"href":"https:\/\/reporteciudadanochiapas.com\/index.php?rest_route=\/wp\/v2\/media\/27460"}],"wp:attachment":[{"href":"https:\/\/reporteciudadanochiapas.com\/index.php?rest_route=%2Fwp%2Fv2%2Fmedia&parent=27459"}],"wp:term":[{"taxonomy":"category","embeddable":true,"href":"https:\/\/reporteciudadanochiapas.com\/index.php?rest_route=%2Fwp%2Fv2%2Fcategories&post=27459"},{"taxonomy":"post_tag","embeddable":true,"href":"https:\/\/reporteciudadanochiapas.com\/index.php?rest_route=%2Fwp%2Fv2%2Ftags&post=27459"}],"curies":[{"name":"wp","href":"https:\/\/api.w.org\/{rel}","templated":true}]}}