{"id":27428,"date":"2026-04-27T04:10:13","date_gmt":"2026-04-27T04:10:13","guid":{"rendered":"https:\/\/reporteciudadanochiapas.com\/?p=27428"},"modified":"2026-04-27T04:10:14","modified_gmt":"2026-04-27T04:10:14","slug":"caso-beani-tiene-responsable-identificado-fuera-del-estado-asegura-presidenta-del-congreso","status":"publish","type":"post","link":"https:\/\/reporteciudadanochiapas.com\/?p=27428","title":{"rendered":"Caso Beani tiene responsable identificado fuera del estado, asegura presidenta del Congreso"},"content":{"rendered":"\n<figure class=\"wp-block-image size-large\"><img loading=\"lazy\" decoding=\"async\" width=\"765\" height=\"1024\" src=\"https:\/\/reporteciudadanochiapas.com\/wp-content\/uploads\/2026\/04\/1000716536-765x1024.jpg\" alt=\"\" class=\"wp-image-27429\" srcset=\"https:\/\/reporteciudadanochiapas.com\/wp-content\/uploads\/2026\/04\/1000716536-765x1024.jpg 765w, https:\/\/reporteciudadanochiapas.com\/wp-content\/uploads\/2026\/04\/1000716536-224x300.jpg 224w, https:\/\/reporteciudadanochiapas.com\/wp-content\/uploads\/2026\/04\/1000716536-768x1027.jpg 768w, https:\/\/reporteciudadanochiapas.com\/wp-content\/uploads\/2026\/04\/1000716536-1148x1536.jpg 1148w, https:\/\/reporteciudadanochiapas.com\/wp-content\/uploads\/2026\/04\/1000716536.jpg 1196w\" sizes=\"auto, (max-width: 765px) 100vw, 765px\" \/><\/figure>\n\n\n\n<p>Manuel Jim\u00e9nez.<\/p>\n\n\n\n<p>26 de abril del 2026. Tuxtla Guti\u00e9rrez, Chiapas \u2013 En medio de una creciente ola de violencia contra las mujeres en la entidad, la presidenta del Congreso del Estado, diputada Alejandra G\u00f3mez Mendoza, defendi\u00f3 las acciones de los gobiernos estatal y federal y asegur\u00f3 que la Fiscal\u00eda ya tiene identificado al presunto responsable del feminicidio de la joven Beani, ocurrido en Tapachula.<\/p>\n\n\n\n<p>\u201cLas autoridades est\u00e1n trabajando. El fiscal se reuni\u00f3 con los familiares y han dado fiel seguimiento. Ya tienen identificado al responsable, saben que esa persona sali\u00f3 fuera del estado. Considero que est\u00e1n actuando de manera adecuada, han dado pronta respuesta\u201d, declar\u00f3 la legisladora.<\/p>\n\n\n\n<p>Sin embargo, al ser cuestionada sobre si no era momento de atender tambi\u00e9n la salud mental, ante la persistencia de feminicidios y ataques violentos \u2014como el reciente caso de una joven que fue mutilada de las manos\u2014, G\u00f3mez Mendoza reconoci\u00f3 la gravedad de la situaci\u00f3n, aunque insisti\u00f3 en los esfuerzos institucionales.<\/p>\n\n\n\n<p>Record\u00f3 que la presidenta Claudia Sheinbaum puso en marcha un programa de brigadas femeniles para difundir los derechos de las mujeres casa por casa. \u201cFue un arranque que dio nuestro gobernador Eduardo Ram\u00edrez Aguilar. En Chiapas se han hecho cosas espectaculares\u201d, afirm\u00f3.<\/p>\n\n\n\n<p>Entre los logros mencionados, la diputada destac\u00f3 que ya no son s\u00f3lo 52 centros de justicia para mujeres libres de violencia, sino que, por iniciativa del gobernador, se han autorizado m\u00e1s de 100 en todo el estado. \u201cTanto las autoridades, el Congreso local y nuestro gobierno del estado est\u00e1n generando pol\u00edticas p\u00fablicas\u201d, asegur\u00f3.<\/p>\n\n\n\n<p>No obstante, hizo un llamado directo a las familias: \u201cQue fortalezcan sus bases, sus lazos, que nos informemos, que sepamos nuestros derechos y que jam\u00e1s veamos en la violencia algo com\u00fan. Como dice Alina, que sea cotidiano no significa que sea correcto. La violencia no est\u00e1 permitida\u201d, enfatiz\u00f3.<\/p>\n\n\n\n<p>En materia legislativa, la presidenta del Congreso adelant\u00f3 que se trabaja en una ley general para agilizar la respuesta de fiscal\u00edas y ministerios p\u00fablicos ante denuncias. \u201cLa ley general a\u00fan no est\u00e1 presentada, pero la presidenta Sheinbaum ya ha mencionado en qu\u00e9 tenor va. Sabemos que los lapsos de prontitud en las respuestas de las fiscal\u00edas suelen ser el gran problema en muchos estados. Despu\u00e9s de que se legisle, creo que va a dar un muy buen resultado\u201d, concluy\u00f3.<\/p>\n","protected":false},"excerpt":{"rendered":"<p>Manuel Jim\u00e9nez. 26 de abril del 2026. Tuxtla Guti\u00e9rrez, Chiapas \u2013 En medio de una creciente ola de violencia contra las mujeres en la entidad, la presidenta del Congreso del Estado, diputada Alejandra G\u00f3mez Mendoza, defendi\u00f3 las acciones de los gobiernos estatal y federal y asegur\u00f3 que la Fiscal\u00eda ya tiene identificado al presunto responsable &hellip;<\/p>\n","protected":false},"author":2,"featured_media":27429,"comment_status":"open","ping_status":"open","sticky":false,"template":"","format":"standard","meta":{"footnotes":""},"categories":[6],"tags":[],"class_list":["post-27428","post","type-post","status-publish","format-standard","has-post-thumbnail","","category-tuxtla"],"_links":{"self":[{"href":"https:\/\/reporteciudadanochiapas.com\/index.php?rest_route=\/wp\/v2\/posts\/27428","targetHints":{"allow":["GET"]}}],"collection":[{"href":"https:\/\/reporteciudadanochiapas.com\/index.php?rest_route=\/wp\/v2\/posts"}],"about":[{"href":"https:\/\/reporteciudadanochiapas.com\/index.php?rest_route=\/wp\/v2\/types\/post"}],"author":[{"embeddable":true,"href":"https:\/\/reporteciudadanochiapas.com\/index.php?rest_route=\/wp\/v2\/users\/2"}],"replies":[{"embeddable":true,"href":"https:\/\/reporteciudadanochiapas.com\/index.php?rest_route=%2Fwp%2Fv2%2Fcomments&post=27428"}],"version-history":[{"count":1,"href":"https:\/\/reporteciudadanochiapas.com\/index.php?rest_route=\/wp\/v2\/posts\/27428\/revisions"}],"predecessor-version":[{"id":27430,"href":"https:\/\/reporteciudadanochiapas.com\/index.php?rest_route=\/wp\/v2\/posts\/27428\/revisions\/27430"}],"wp:featuredmedia":[{"embeddable":true,"href":"https:\/\/reporteciudadanochiapas.com\/index.php?rest_route=\/wp\/v2\/media\/27429"}],"wp:attachment":[{"href":"https:\/\/reporteciudadanochiapas.com\/index.php?rest_route=%2Fwp%2Fv2%2Fmedia&parent=27428"}],"wp:term":[{"taxonomy":"category","embeddable":true,"href":"https:\/\/reporteciudadanochiapas.com\/index.php?rest_route=%2Fwp%2Fv2%2Fcategories&post=27428"},{"taxonomy":"post_tag","embeddable":true,"href":"https:\/\/reporteciudadanochiapas.com\/index.php?rest_route=%2Fwp%2Fv2%2Ftags&post=27428"}],"curies":[{"name":"wp","href":"https:\/\/api.w.org\/{rel}","templated":true}]}}