{"id":26845,"date":"2026-03-13T02:49:40","date_gmt":"2026-03-13T02:49:40","guid":{"rendered":"https:\/\/reporteciudadanochiapas.com\/?p=26845"},"modified":"2026-03-13T02:49:43","modified_gmt":"2026-03-13T02:49:43","slug":"poder-judicial-del-estado-dicta-100-anos-de-carcel-a-responsable-del-delito-de-secuestro-agravado","status":"publish","type":"post","link":"https:\/\/reporteciudadanochiapas.com\/?p=26845","title":{"rendered":"Poder Judicial del Estado dicta 100 a\u00f1os de c\u00e1rcel a responsable del delito de Secuestro Agravado"},"content":{"rendered":"\n<figure class=\"wp-block-image size-large\"><img loading=\"lazy\" decoding=\"async\" width=\"1024\" height=\"683\" src=\"https:\/\/reporteciudadanochiapas.com\/wp-content\/uploads\/2026\/03\/1000646555-1024x683.jpg\" alt=\"\" class=\"wp-image-26846\" srcset=\"https:\/\/reporteciudadanochiapas.com\/wp-content\/uploads\/2026\/03\/1000646555-1024x683.jpg 1024w, https:\/\/reporteciudadanochiapas.com\/wp-content\/uploads\/2026\/03\/1000646555-300x200.jpg 300w, https:\/\/reporteciudadanochiapas.com\/wp-content\/uploads\/2026\/03\/1000646555-768x512.jpg 768w, https:\/\/reporteciudadanochiapas.com\/wp-content\/uploads\/2026\/03\/1000646555-1536x1024.jpg 1536w, https:\/\/reporteciudadanochiapas.com\/wp-content\/uploads\/2026\/03\/1000646555-2048x1365.jpg 2048w\" sizes=\"auto, (max-width: 1024px) 100vw, 1024px\" \/><\/figure>\n\n\n\n<ul class=\"wp-block-list\">\n<li>Esta resoluci\u00f3n ejemplar reafirma el compromiso de combatir la impunidad y garantizar una justicia m\u00e1s humana y accesible.<\/li>\n<\/ul>\n\n\n\n<p>12 de marzo del 2026.- El Poder Judicial del Estado de Chiapas, a trav\u00e9s de un Tribunal de Enjuiciamiento, dict\u00f3 sentencia condenatoria ejemplar a \u00d3scar \u201cN\u201d por el delito de Secuestro Agravado, cometido en contra de una persona con identidad reservada.<\/p>\n\n\n\n<p>Tras los hechos ocurridos en el municipio de Reforma, Chiapas, y como resultado del desahogo de pruebas realizado durante las audiencias de juicio oral, se logr\u00f3 acreditar la participaci\u00f3n y responsabilidad penal del hoy sentenciado.<\/p>\n\n\n\n<p>En consecuencia, la persona juzgadora del Tribunal de Enjuiciamiento del distrito judicial de Pichucalco resolvi\u00f3 imponer a \u00d3scar \u201cN&#8221; una pena de 100 a\u00f1os de prisi\u00f3n y el pago de la reparaci\u00f3n del da\u00f1o. Asimismo, se determin\u00f3 no concederle ning\u00fan beneficio o sustitutivo de la pena impuesta.<\/p>\n\n\n\n<p>Con esta sentencia ejemplar, el Poder Judicial del Estado, que encabeza el magistrado presidente Juan Carlos Moreno Guill\u00e9n, reafirma su compromiso con una justicia m\u00e1s humana y accesible, que garantice que los delitos en perjuicio de las y los chiapanecos no queden impunes.<\/p>\n","protected":false},"excerpt":{"rendered":"<p>Esta resoluci\u00f3n ejemplar reafirma el compromiso de combatir la impunidad y garantizar una justicia m\u00e1s humana y accesible. 12 de marzo del 2026.- El Poder Judicial del Estado de Chiapas, a trav\u00e9s de un Tribunal de Enjuiciamiento, dict\u00f3 sentencia condenatoria ejemplar a \u00d3scar \u201cN\u201d por el delito de Secuestro Agravado, cometido en contra de una &hellip;<\/p>\n","protected":false},"author":2,"featured_media":26846,"comment_status":"open","ping_status":"open","sticky":false,"template":"","format":"standard","meta":{"footnotes":""},"categories":[6],"tags":[],"class_list":["post-26845","post","type-post","status-publish","format-standard","has-post-thumbnail","","category-tuxtla"],"_links":{"self":[{"href":"https:\/\/reporteciudadanochiapas.com\/index.php?rest_route=\/wp\/v2\/posts\/26845","targetHints":{"allow":["GET"]}}],"collection":[{"href":"https:\/\/reporteciudadanochiapas.com\/index.php?rest_route=\/wp\/v2\/posts"}],"about":[{"href":"https:\/\/reporteciudadanochiapas.com\/index.php?rest_route=\/wp\/v2\/types\/post"}],"author":[{"embeddable":true,"href":"https:\/\/reporteciudadanochiapas.com\/index.php?rest_route=\/wp\/v2\/users\/2"}],"replies":[{"embeddable":true,"href":"https:\/\/reporteciudadanochiapas.com\/index.php?rest_route=%2Fwp%2Fv2%2Fcomments&post=26845"}],"version-history":[{"count":1,"href":"https:\/\/reporteciudadanochiapas.com\/index.php?rest_route=\/wp\/v2\/posts\/26845\/revisions"}],"predecessor-version":[{"id":26847,"href":"https:\/\/reporteciudadanochiapas.com\/index.php?rest_route=\/wp\/v2\/posts\/26845\/revisions\/26847"}],"wp:featuredmedia":[{"embeddable":true,"href":"https:\/\/reporteciudadanochiapas.com\/index.php?rest_route=\/wp\/v2\/media\/26846"}],"wp:attachment":[{"href":"https:\/\/reporteciudadanochiapas.com\/index.php?rest_route=%2Fwp%2Fv2%2Fmedia&parent=26845"}],"wp:term":[{"taxonomy":"category","embeddable":true,"href":"https:\/\/reporteciudadanochiapas.com\/index.php?rest_route=%2Fwp%2Fv2%2Fcategories&post=26845"},{"taxonomy":"post_tag","embeddable":true,"href":"https:\/\/reporteciudadanochiapas.com\/index.php?rest_route=%2Fwp%2Fv2%2Ftags&post=26845"}],"curies":[{"name":"wp","href":"https:\/\/api.w.org\/{rel}","templated":true}]}}