{"id":26709,"date":"2026-03-02T04:35:23","date_gmt":"2026-03-02T04:35:23","guid":{"rendered":"https:\/\/reporteciudadanochiapas.com\/?p=26709"},"modified":"2026-03-02T04:35:26","modified_gmt":"2026-03-02T04:35:26","slug":"juan-carlos-moreno-guillen-celebra-reconocimiento-al-merito-academico-chiapaneco","status":"publish","type":"post","link":"https:\/\/reporteciudadanochiapas.com\/?p=26709","title":{"rendered":"Juan Carlos Moreno Guill\u00e9n celebra reconocimiento al m\u00e9rito acad\u00e9mico chiapaneco"},"content":{"rendered":"\n<figure class=\"wp-block-gallery has-nested-images columns-default is-cropped wp-block-gallery-1 is-layout-flex wp-block-gallery-is-layout-flex\">\n<figure class=\"wp-block-image size-large\"><img loading=\"lazy\" decoding=\"async\" width=\"1024\" height=\"683\" data-id=\"26710\" src=\"https:\/\/reporteciudadanochiapas.com\/wp-content\/uploads\/2026\/03\/1000625011-1024x683.jpg\" alt=\"\" class=\"wp-image-26710\" srcset=\"https:\/\/reporteciudadanochiapas.com\/wp-content\/uploads\/2026\/03\/1000625011-1024x683.jpg 1024w, https:\/\/reporteciudadanochiapas.com\/wp-content\/uploads\/2026\/03\/1000625011-300x200.jpg 300w, https:\/\/reporteciudadanochiapas.com\/wp-content\/uploads\/2026\/03\/1000625011-768x512.jpg 768w, https:\/\/reporteciudadanochiapas.com\/wp-content\/uploads\/2026\/03\/1000625011.jpg 1280w\" sizes=\"auto, (max-width: 1024px) 100vw, 1024px\" \/><\/figure>\n\n\n\n<figure class=\"wp-block-image size-large\"><img loading=\"lazy\" decoding=\"async\" width=\"1024\" height=\"683\" data-id=\"26711\" src=\"https:\/\/reporteciudadanochiapas.com\/wp-content\/uploads\/2026\/03\/1000625008-1024x683.jpg\" alt=\"\" class=\"wp-image-26711\" srcset=\"https:\/\/reporteciudadanochiapas.com\/wp-content\/uploads\/2026\/03\/1000625008-1024x683.jpg 1024w, https:\/\/reporteciudadanochiapas.com\/wp-content\/uploads\/2026\/03\/1000625008-300x200.jpg 300w, https:\/\/reporteciudadanochiapas.com\/wp-content\/uploads\/2026\/03\/1000625008-768x512.jpg 768w, https:\/\/reporteciudadanochiapas.com\/wp-content\/uploads\/2026\/03\/1000625008.jpg 1280w\" sizes=\"auto, (max-width: 1024px) 100vw, 1024px\" \/><\/figure>\n<\/figure>\n\n\n\n<p>1 de marzo del 2026. El magistrado presidente del Poder Judicial del Estado de Chiapas, Juan Carlos Moreno Guill\u00e9n, atestigu\u00f3 la primera edici\u00f3n de la entrega de la Medalla \u201c\u00c1ngel Albino Corzo Castillejo\u201d, con la que el Honorable Congreso del Estado reconoce la eminente trayectoria y el legado de mexicanas y mexicanos que han sobresalido en el \u00e1mbito pol\u00edtico, educativo, econ\u00f3mico o cultural, procurando el beneficio colectivo y la exaltaci\u00f3n de nuestros valores sociales y culturales.<\/p>\n\n\n\n<p>Durante sesi\u00f3n solemne, el gobernador Eduardo Ram\u00edrez Aguilar impuso esta medalla al chiapaneco Florentino P\u00e9rez P\u00e9rez, quien ha destacado en el panorama educativo en nuestra entidad, y actualmente desde la Universidad Aut\u00f3noma de Chiapas, como secretario acad\u00e9mico, lidera la transici\u00f3n hacia un modelo incluyente que integra la innovaci\u00f3n tecnol\u00f3gica en la justicia social.<\/p>\n\n\n\n<p>En este marco, el magistrado presidente Moreno Guill\u00e9n se congratul\u00f3 por esta distinci\u00f3n al educador e investigador Florentino P\u00e9rez P\u00e9rez, porque reconoce su trayectoria y, al mismo tiempo, fortalece el impulso a la educaci\u00f3n, que constituye un pilar fundamental para consolidar una sociedad m\u00e1s fuerte, incluyente y justa.<\/p>\n\n\n\n<p>Participaron y asistieron en esta sesi\u00f3n, la presidenta de la Mesa Directiva del Congreso del Estado, Alejandra G\u00f3mez Mendoza; la familia del galardonado; representantes de las Fuerzas Armadas; legisladoras y legisladores estatales y federales; presidentas y presidentes municipales; personas juzgadoras del Poder Judicial; as\u00ed como servidoras y servidores federales, estatales y municipales.<\/p>\n\n\n\n<p><\/p>\n","protected":false},"excerpt":{"rendered":"<p>1 de marzo del 2026. El magistrado presidente del Poder Judicial del Estado de Chiapas, Juan Carlos Moreno Guill\u00e9n, atestigu\u00f3 la primera edici\u00f3n de la entrega de la Medalla \u201c\u00c1ngel Albino Corzo Castillejo\u201d, con la que el Honorable Congreso del Estado reconoce la eminente trayectoria y el legado de mexicanas y mexicanos que han sobresalido &hellip;<\/p>\n","protected":false},"author":2,"featured_media":26710,"comment_status":"open","ping_status":"open","sticky":false,"template":"","format":"standard","meta":{"footnotes":""},"categories":[6],"tags":[],"class_list":["post-26709","post","type-post","status-publish","format-standard","has-post-thumbnail","","category-tuxtla"],"_links":{"self":[{"href":"https:\/\/reporteciudadanochiapas.com\/index.php?rest_route=\/wp\/v2\/posts\/26709","targetHints":{"allow":["GET"]}}],"collection":[{"href":"https:\/\/reporteciudadanochiapas.com\/index.php?rest_route=\/wp\/v2\/posts"}],"about":[{"href":"https:\/\/reporteciudadanochiapas.com\/index.php?rest_route=\/wp\/v2\/types\/post"}],"author":[{"embeddable":true,"href":"https:\/\/reporteciudadanochiapas.com\/index.php?rest_route=\/wp\/v2\/users\/2"}],"replies":[{"embeddable":true,"href":"https:\/\/reporteciudadanochiapas.com\/index.php?rest_route=%2Fwp%2Fv2%2Fcomments&post=26709"}],"version-history":[{"count":1,"href":"https:\/\/reporteciudadanochiapas.com\/index.php?rest_route=\/wp\/v2\/posts\/26709\/revisions"}],"predecessor-version":[{"id":26712,"href":"https:\/\/reporteciudadanochiapas.com\/index.php?rest_route=\/wp\/v2\/posts\/26709\/revisions\/26712"}],"wp:featuredmedia":[{"embeddable":true,"href":"https:\/\/reporteciudadanochiapas.com\/index.php?rest_route=\/wp\/v2\/media\/26710"}],"wp:attachment":[{"href":"https:\/\/reporteciudadanochiapas.com\/index.php?rest_route=%2Fwp%2Fv2%2Fmedia&parent=26709"}],"wp:term":[{"taxonomy":"category","embeddable":true,"href":"https:\/\/reporteciudadanochiapas.com\/index.php?rest_route=%2Fwp%2Fv2%2Fcategories&post=26709"},{"taxonomy":"post_tag","embeddable":true,"href":"https:\/\/reporteciudadanochiapas.com\/index.php?rest_route=%2Fwp%2Fv2%2Ftags&post=26709"}],"curies":[{"name":"wp","href":"https:\/\/api.w.org\/{rel}","templated":true}]}}