{"id":26688,"date":"2026-02-28T02:29:43","date_gmt":"2026-02-28T02:29:43","guid":{"rendered":"https:\/\/reporteciudadanochiapas.com\/?p=26688"},"modified":"2026-02-28T02:29:46","modified_gmt":"2026-02-28T02:29:46","slug":"juan-carlos-moreno-guillen-celebra-nuevos-nombramientos-y-ratificacion-de-personas-juzgadoras","status":"publish","type":"post","link":"https:\/\/reporteciudadanochiapas.com\/?p=26688","title":{"rendered":"Juan Carlos Moreno Guill\u00e9n celebra nuevos nombramientos y ratificaci\u00f3n de personas juzgadoras"},"content":{"rendered":"\n<figure class=\"wp-block-image size-large\"><img loading=\"lazy\" decoding=\"async\" width=\"1024\" height=\"746\" src=\"https:\/\/reporteciudadanochiapas.com\/wp-content\/uploads\/2026\/02\/1000622398-1024x746.jpg\" alt=\"\" class=\"wp-image-26689\" srcset=\"https:\/\/reporteciudadanochiapas.com\/wp-content\/uploads\/2026\/02\/1000622398-1024x746.jpg 1024w, https:\/\/reporteciudadanochiapas.com\/wp-content\/uploads\/2026\/02\/1000622398-300x219.jpg 300w, https:\/\/reporteciudadanochiapas.com\/wp-content\/uploads\/2026\/02\/1000622398-768x560.jpg 768w, https:\/\/reporteciudadanochiapas.com\/wp-content\/uploads\/2026\/02\/1000622398-1536x1119.jpg 1536w, https:\/\/reporteciudadanochiapas.com\/wp-content\/uploads\/2026\/02\/1000622398-2048x1492.jpg 2048w\" sizes=\"auto, (max-width: 1024px) 100vw, 1024px\" \/><\/figure>\n\n\n\n<p>27 de febrero del 2026. El magistrado presidente del Poder Judicial del Estado de Chiapas, Juan Carlos Moreno Guill\u00e9n, se congratul\u00f3 con los recientes nombramientos de la magistrada Sandra Ivonne G\u00f3mez Dom\u00ednguez, el magistrado Antonio Valdez Meza y la ratificaci\u00f3n del magistrado Mario Antonio Ruiz Couti\u00f1o.<\/p>\n\n\n\n<p>Despu\u00e9s de la toma de protesta de ley realizada en el Honorable Congreso del Estado, por la diputada presidenta Alejandra G\u00f3mez Mendoza, el magistrado presidente Moreno Guill\u00e9n sostuvo una reuni\u00f3n con quienes el d\u00eda de hoy se comprometieron a trabajar en favor de la impartici\u00f3n de justicia en Chiapas.<\/p>\n\n\n\n<p>Asimismo, les exhort\u00f3 a conducirse siempre con legalidad, transparencia y, sobre todo, a demostrar su vocaci\u00f3n de servicio para que esta noble instituci\u00f3n se fortalezca y contin\u00fae a la altura de las necesidades de la sociedad chiapaneca.<\/p>\n\n\n\n<p><\/p>\n","protected":false},"excerpt":{"rendered":"<p>27 de febrero del 2026. El magistrado presidente del Poder Judicial del Estado de Chiapas, Juan Carlos Moreno Guill\u00e9n, se congratul\u00f3 con los recientes nombramientos de la magistrada Sandra Ivonne G\u00f3mez Dom\u00ednguez, el magistrado Antonio Valdez Meza y la ratificaci\u00f3n del magistrado Mario Antonio Ruiz Couti\u00f1o. Despu\u00e9s de la toma de protesta de ley realizada &hellip;<\/p>\n","protected":false},"author":2,"featured_media":26689,"comment_status":"open","ping_status":"open","sticky":false,"template":"","format":"standard","meta":{"footnotes":""},"categories":[6],"tags":[],"class_list":["post-26688","post","type-post","status-publish","format-standard","has-post-thumbnail","","category-tuxtla"],"_links":{"self":[{"href":"https:\/\/reporteciudadanochiapas.com\/index.php?rest_route=\/wp\/v2\/posts\/26688","targetHints":{"allow":["GET"]}}],"collection":[{"href":"https:\/\/reporteciudadanochiapas.com\/index.php?rest_route=\/wp\/v2\/posts"}],"about":[{"href":"https:\/\/reporteciudadanochiapas.com\/index.php?rest_route=\/wp\/v2\/types\/post"}],"author":[{"embeddable":true,"href":"https:\/\/reporteciudadanochiapas.com\/index.php?rest_route=\/wp\/v2\/users\/2"}],"replies":[{"embeddable":true,"href":"https:\/\/reporteciudadanochiapas.com\/index.php?rest_route=%2Fwp%2Fv2%2Fcomments&post=26688"}],"version-history":[{"count":1,"href":"https:\/\/reporteciudadanochiapas.com\/index.php?rest_route=\/wp\/v2\/posts\/26688\/revisions"}],"predecessor-version":[{"id":26690,"href":"https:\/\/reporteciudadanochiapas.com\/index.php?rest_route=\/wp\/v2\/posts\/26688\/revisions\/26690"}],"wp:featuredmedia":[{"embeddable":true,"href":"https:\/\/reporteciudadanochiapas.com\/index.php?rest_route=\/wp\/v2\/media\/26689"}],"wp:attachment":[{"href":"https:\/\/reporteciudadanochiapas.com\/index.php?rest_route=%2Fwp%2Fv2%2Fmedia&parent=26688"}],"wp:term":[{"taxonomy":"category","embeddable":true,"href":"https:\/\/reporteciudadanochiapas.com\/index.php?rest_route=%2Fwp%2Fv2%2Fcategories&post=26688"},{"taxonomy":"post_tag","embeddable":true,"href":"https:\/\/reporteciudadanochiapas.com\/index.php?rest_route=%2Fwp%2Fv2%2Ftags&post=26688"}],"curies":[{"name":"wp","href":"https:\/\/api.w.org\/{rel}","templated":true}]}}