{"id":26678,"date":"2026-02-27T04:03:01","date_gmt":"2026-02-27T04:03:01","guid":{"rendered":"https:\/\/reporteciudadanochiapas.com\/?p=26678"},"modified":"2026-02-27T04:03:05","modified_gmt":"2026-02-27T04:03:05","slug":"poder-judicial-del-estado-impone-44-y-33-anos-de-prision-a-responsables-de-delitos-en-agravio-de-una-adolescente","status":"publish","type":"post","link":"https:\/\/reporteciudadanochiapas.com\/?p=26678","title":{"rendered":"Poder Judicial del Estado impone 44 y 33 a\u00f1os de prisi\u00f3n a responsables de delitos en agravio de una adolescente"},"content":{"rendered":"\n<figure class=\"wp-block-image size-large\"><img loading=\"lazy\" decoding=\"async\" width=\"1024\" height=\"682\" src=\"https:\/\/reporteciudadanochiapas.com\/wp-content\/uploads\/2026\/02\/1000620090-1024x682.jpg\" alt=\"\" class=\"wp-image-26679\" srcset=\"https:\/\/reporteciudadanochiapas.com\/wp-content\/uploads\/2026\/02\/1000620090-1024x682.jpg 1024w, https:\/\/reporteciudadanochiapas.com\/wp-content\/uploads\/2026\/02\/1000620090-300x200.jpg 300w, https:\/\/reporteciudadanochiapas.com\/wp-content\/uploads\/2026\/02\/1000620090-768x512.jpg 768w, https:\/\/reporteciudadanochiapas.com\/wp-content\/uploads\/2026\/02\/1000620090-1536x1024.jpg 1536w, https:\/\/reporteciudadanochiapas.com\/wp-content\/uploads\/2026\/02\/1000620090-2048x1365.jpg 2048w, https:\/\/reporteciudadanochiapas.com\/wp-content\/uploads\/2026\/02\/1000620090-310x205.jpg 310w\" sizes=\"auto, (max-width: 1024px) 100vw, 1024px\" \/><\/figure>\n\n\n\n<p>26 de febrero del 2026. El Poder Judicial del Estado de Chiapas, en apego a su compromiso de garantizar el acceso a la justicia y la protecci\u00f3n integral de los derechos de las ni\u00f1as, ni\u00f1os y adolescentes, dict\u00f3, a trav\u00e9s de un Tribunal de Enjuiciamiento, sentencia condenatoria a Anan\u00edas \u201cN\u201d, por los delitos de Trata de Personas en su modalidad de &#8220;al que a sabiendas de su situaci\u00f3n de trata, alquile los servicios sexuales&#8221;, y de Pederastia Agravada. De igual manera, en contra de Irma \u201cN\u201d por los delitos de Trata de Personas, en su modalidad de explotaci\u00f3n sexual a trav\u00e9s de la Prostituci\u00f3n Ajena Agravada, y de Pederastia Agravada, cometidos en contra de una adolescente con identidad reservada.<\/p>\n\n\n\n<p>Tras los hechos ocurridos en Tuxtla Guti\u00e9rrez, la persona juzgadora del Tribunal de Enjuiciamiento de los distritos judiciales de Tuxtla, Chiapa y Cintalapa resolvi\u00f3 imponer a Anan\u00edas \u201cN\u201d una pena de 44 a\u00f1os de prisi\u00f3n; mientras que a Irma \u201cN\u201d, una pena de 33 a\u00f1os y nueve meses de prisi\u00f3n, adem\u00e1s de condenarles al pago de la reparaci\u00f3n del da\u00f1o.<\/p>\n\n\n\n<p>Estas resoluciones se dictaron una vez realizado el desahogo probatorio en audiencias de juicio oral, donde se logr\u00f3 acreditar la participaci\u00f3n y responsabilidad penal de la hoy sentenciada y sentenciado.<\/p>\n\n\n\n<p>Con esta determinaci\u00f3n, el Poder Judicial del Estado, que preside el magistrado Juan Carlos Moreno Guill\u00e9n, refrenda su compromiso con una impartici\u00f3n de justicia humanista, en la que se prioriza el inter\u00e9s superior de ni\u00f1as, ni\u00f1os y adolescentes, garantizando que cualquier conducta que vulnere sus derechos sea sancionada conforme a la ley.<\/p>\n","protected":false},"excerpt":{"rendered":"<p>26 de febrero del 2026. El Poder Judicial del Estado de Chiapas, en apego a su compromiso de garantizar el acceso a la justicia y la protecci\u00f3n integral de los derechos de las ni\u00f1as, ni\u00f1os y adolescentes, dict\u00f3, a trav\u00e9s de un Tribunal de Enjuiciamiento, sentencia condenatoria a Anan\u00edas \u201cN\u201d, por los delitos de Trata &hellip;<\/p>\n","protected":false},"author":2,"featured_media":26679,"comment_status":"open","ping_status":"open","sticky":false,"template":"","format":"standard","meta":{"footnotes":""},"categories":[6],"tags":[],"class_list":["post-26678","post","type-post","status-publish","format-standard","has-post-thumbnail","","category-tuxtla"],"_links":{"self":[{"href":"https:\/\/reporteciudadanochiapas.com\/index.php?rest_route=\/wp\/v2\/posts\/26678","targetHints":{"allow":["GET"]}}],"collection":[{"href":"https:\/\/reporteciudadanochiapas.com\/index.php?rest_route=\/wp\/v2\/posts"}],"about":[{"href":"https:\/\/reporteciudadanochiapas.com\/index.php?rest_route=\/wp\/v2\/types\/post"}],"author":[{"embeddable":true,"href":"https:\/\/reporteciudadanochiapas.com\/index.php?rest_route=\/wp\/v2\/users\/2"}],"replies":[{"embeddable":true,"href":"https:\/\/reporteciudadanochiapas.com\/index.php?rest_route=%2Fwp%2Fv2%2Fcomments&post=26678"}],"version-history":[{"count":1,"href":"https:\/\/reporteciudadanochiapas.com\/index.php?rest_route=\/wp\/v2\/posts\/26678\/revisions"}],"predecessor-version":[{"id":26680,"href":"https:\/\/reporteciudadanochiapas.com\/index.php?rest_route=\/wp\/v2\/posts\/26678\/revisions\/26680"}],"wp:featuredmedia":[{"embeddable":true,"href":"https:\/\/reporteciudadanochiapas.com\/index.php?rest_route=\/wp\/v2\/media\/26679"}],"wp:attachment":[{"href":"https:\/\/reporteciudadanochiapas.com\/index.php?rest_route=%2Fwp%2Fv2%2Fmedia&parent=26678"}],"wp:term":[{"taxonomy":"category","embeddable":true,"href":"https:\/\/reporteciudadanochiapas.com\/index.php?rest_route=%2Fwp%2Fv2%2Fcategories&post=26678"},{"taxonomy":"post_tag","embeddable":true,"href":"https:\/\/reporteciudadanochiapas.com\/index.php?rest_route=%2Fwp%2Fv2%2Ftags&post=26678"}],"curies":[{"name":"wp","href":"https:\/\/api.w.org\/{rel}","templated":true}]}}