{"id":26647,"date":"2026-02-26T03:18:28","date_gmt":"2026-02-26T03:18:28","guid":{"rendered":"https:\/\/reporteciudadanochiapas.com\/?p=26647"},"modified":"2026-02-26T03:18:31","modified_gmt":"2026-02-26T03:18:31","slug":"juan-carlos-moreno-guillen-participa-en-sesion-ordinaria-de-la-coparmex-chiapas","status":"publish","type":"post","link":"https:\/\/reporteciudadanochiapas.com\/?p=26647","title":{"rendered":"Juan Carlos Moreno Guill\u00e9n participa en Sesi\u00f3n Ordinaria de la Coparmex Chiapas"},"content":{"rendered":"\n<figure class=\"wp-block-image size-large\"><img loading=\"lazy\" decoding=\"async\" width=\"1024\" height=\"682\" src=\"https:\/\/reporteciudadanochiapas.com\/wp-content\/uploads\/2026\/02\/1000619258-1024x682.jpg\" alt=\"\" class=\"wp-image-26648\" srcset=\"https:\/\/reporteciudadanochiapas.com\/wp-content\/uploads\/2026\/02\/1000619258-1024x682.jpg 1024w, https:\/\/reporteciudadanochiapas.com\/wp-content\/uploads\/2026\/02\/1000619258-300x200.jpg 300w, https:\/\/reporteciudadanochiapas.com\/wp-content\/uploads\/2026\/02\/1000619258-768x512.jpg 768w, https:\/\/reporteciudadanochiapas.com\/wp-content\/uploads\/2026\/02\/1000619258-310x205.jpg 310w, https:\/\/reporteciudadanochiapas.com\/wp-content\/uploads\/2026\/02\/1000619258.jpg 1280w\" sizes=\"auto, (max-width: 1024px) 100vw, 1024px\" \/><\/figure>\n\n\n\n<ul class=\"wp-block-list\">\n<li>Reafirma su compromiso con una justicia humanista y apegada a la legalidad, que contribuya a impulsar el crecimiento y la estabilidad econ\u00f3mica en la entidad.<\/li>\n<\/ul>\n\n\n\n<p>25 de febrero del 2025. El magistrado presidente del Poder Judicial, Juan Carlos Moreno Guill\u00e9n, atendiendo la invitaci\u00f3n del presidente del Consejo Directivo de la Confederaci\u00f3n Patronal de la Rep\u00fablica Mexicana (Coparmex) Chiapas, \u00c9dgar Axel Ben\u00edtez Aguilar, particip\u00f3 en su Sesi\u00f3n Ordinaria, realizada en esta ciudad capital.<\/p>\n\n\n\n<p>Una vez desahogados los puntos del orden del d\u00eda, el magistrado presidente Moreno Guill\u00e9n expres\u00f3 su agradecimiento por tomarlo en cuenta para ser parte de este espacio que se realiza para fortalecer e impulsar el comercio y las empresas chiapanecas.<\/p>\n\n\n\n<p>Asimismo, destac\u00f3 que la apertura que ha tenido el Poder Judicial permite reforzar los lazos de comunicaci\u00f3n y vinculaci\u00f3n de esta instituci\u00f3n con todos los sectores sociales y productivos, ya que mediante el di\u00e1logo directo se puede comprender el verdadero sentir del pueblo chiapaneco y atender con mayor sensibilidad sus necesidades en materia de justicia.<\/p>\n\n\n\n<p>Finalmente, les reiter\u00f3 su compromiso de continuar trabajando con un enfoque humanista, basado en la legalidad, privilegiando la transparencia, la inclusi\u00f3n y el respeto a los derechos humanos, generando certeza jur\u00eddica, que contribuya a construir entornos propicios para el crecimiento y la estabilidad econ\u00f3mica en la entidad.<\/p>\n\n\n\n<p>Por su parte, el presidente de la Coparmex Chiapas, Ben\u00edtez Aguilar, as\u00ed como las y los integrantes de este Consejo Directivo, expresaron los comentarios e inquietudes que tienen como gremio empresarial, a los que el magistrado presidente Juan Carlos Moreno Guill\u00e9n escuch\u00f3 y atendi\u00f3 de manera directa.<\/p>\n\n\n\n<p>Con esta participaci\u00f3n, el Poder Judicial del Estado refrenda su quehacer institucional, en el que se privilegie la colaboraci\u00f3n y la vinculaci\u00f3n interinstitucional, para abonar en el desarrollo integral de Chiapas.<\/p>\n","protected":false},"excerpt":{"rendered":"<p>Reafirma su compromiso con una justicia humanista y apegada a la legalidad, que contribuya a impulsar el crecimiento y la estabilidad econ\u00f3mica en la entidad. 25 de febrero del 2025. El magistrado presidente del Poder Judicial, Juan Carlos Moreno Guill\u00e9n, atendiendo la invitaci\u00f3n del presidente del Consejo Directivo de la Confederaci\u00f3n Patronal de la Rep\u00fablica &hellip;<\/p>\n","protected":false},"author":2,"featured_media":26648,"comment_status":"open","ping_status":"open","sticky":false,"template":"","format":"standard","meta":{"footnotes":""},"categories":[6],"tags":[],"class_list":["post-26647","post","type-post","status-publish","format-standard","has-post-thumbnail","","category-tuxtla"],"_links":{"self":[{"href":"https:\/\/reporteciudadanochiapas.com\/index.php?rest_route=\/wp\/v2\/posts\/26647","targetHints":{"allow":["GET"]}}],"collection":[{"href":"https:\/\/reporteciudadanochiapas.com\/index.php?rest_route=\/wp\/v2\/posts"}],"about":[{"href":"https:\/\/reporteciudadanochiapas.com\/index.php?rest_route=\/wp\/v2\/types\/post"}],"author":[{"embeddable":true,"href":"https:\/\/reporteciudadanochiapas.com\/index.php?rest_route=\/wp\/v2\/users\/2"}],"replies":[{"embeddable":true,"href":"https:\/\/reporteciudadanochiapas.com\/index.php?rest_route=%2Fwp%2Fv2%2Fcomments&post=26647"}],"version-history":[{"count":1,"href":"https:\/\/reporteciudadanochiapas.com\/index.php?rest_route=\/wp\/v2\/posts\/26647\/revisions"}],"predecessor-version":[{"id":26649,"href":"https:\/\/reporteciudadanochiapas.com\/index.php?rest_route=\/wp\/v2\/posts\/26647\/revisions\/26649"}],"wp:featuredmedia":[{"embeddable":true,"href":"https:\/\/reporteciudadanochiapas.com\/index.php?rest_route=\/wp\/v2\/media\/26648"}],"wp:attachment":[{"href":"https:\/\/reporteciudadanochiapas.com\/index.php?rest_route=%2Fwp%2Fv2%2Fmedia&parent=26647"}],"wp:term":[{"taxonomy":"category","embeddable":true,"href":"https:\/\/reporteciudadanochiapas.com\/index.php?rest_route=%2Fwp%2Fv2%2Fcategories&post=26647"},{"taxonomy":"post_tag","embeddable":true,"href":"https:\/\/reporteciudadanochiapas.com\/index.php?rest_route=%2Fwp%2Fv2%2Ftags&post=26647"}],"curies":[{"name":"wp","href":"https:\/\/api.w.org\/{rel}","templated":true}]}}