{"id":26641,"date":"2026-02-26T03:06:30","date_gmt":"2026-02-26T03:06:30","guid":{"rendered":"https:\/\/reporteciudadanochiapas.com\/?p=26641"},"modified":"2026-02-26T03:06:33","modified_gmt":"2026-02-26T03:06:33","slug":"refuerzan-coordinacion-interinstitucional-para-prevenir-incendios-forestales-en-san-cristobal-de-las-casas","status":"publish","type":"post","link":"https:\/\/reporteciudadanochiapas.com\/?p=26641","title":{"rendered":"Refuerzan coordinaci\u00f3n interinstitucional para prevenir incendios forestales en San Crist\u00f3bal de Las Casas"},"content":{"rendered":"\n<figure class=\"wp-block-image size-large\"><img loading=\"lazy\" decoding=\"async\" width=\"1024\" height=\"682\" src=\"https:\/\/reporteciudadanochiapas.com\/wp-content\/uploads\/2026\/02\/1000619159-1024x682.jpg\" alt=\"\" class=\"wp-image-26642\" srcset=\"https:\/\/reporteciudadanochiapas.com\/wp-content\/uploads\/2026\/02\/1000619159-1024x682.jpg 1024w, https:\/\/reporteciudadanochiapas.com\/wp-content\/uploads\/2026\/02\/1000619159-300x200.jpg 300w, https:\/\/reporteciudadanochiapas.com\/wp-content\/uploads\/2026\/02\/1000619159-768x512.jpg 768w, https:\/\/reporteciudadanochiapas.com\/wp-content\/uploads\/2026\/02\/1000619159-1536x1023.jpg 1536w, https:\/\/reporteciudadanochiapas.com\/wp-content\/uploads\/2026\/02\/1000619159-310x205.jpg 310w, https:\/\/reporteciudadanochiapas.com\/wp-content\/uploads\/2026\/02\/1000619159.jpg 1600w\" sizes=\"auto, (max-width: 1024px) 100vw, 1024px\" \/><\/figure>\n\n\n\n<p>Yolanda Rodr\u00edguez\/ corresponsal<\/p>\n\n\n\n<p>25 de febrero del 2026. San Crist\u00f3bal de Las Casas.\u2013 Autoridades de los tres \u00f3rdenes de gobierno participaron en una jornada de capacitaci\u00f3n y coordinaci\u00f3n interinstitucional convocada por la Comisi\u00f3n Nacional Forestal (CONAFOR), con el objetivo de fortalecer las estrategias preventivas ante la pr\u00f3xima temporada de incendios forestales en el municipio.<\/p>\n\n\n\n<p>La directora de Ecolog\u00eda y Medio Ambiente Municipal, la bi\u00f3loga Jade Biniza Cant\u00fa Luna, explic\u00f3 que durante la actividad se desarrollaron mesas de trabajo, la actualizaci\u00f3n de la Norma Oficial NOM-015 sobre uso del fuego y un ejercicio pr\u00e1ctico de brigadas ambientales, en el que participaron instituciones como la Comisi\u00f3n Nacional de \u00c1reas Naturales Protegidas (CONANP), el Instituto de Bomberos del Estado de Chiapas, la Direcci\u00f3n de Ecolog\u00eda y Medio Ambiente Municipal y Protecci\u00f3n Civil de San Crist\u00f3bal de Las Casas, adem\u00e1s de personal de Protecci\u00f3n Civil de Comit\u00e1n de Dom\u00ednguez.<\/p>\n\n\n\n<p>Por su parte, Samuel Rodr\u00edguez Hern\u00e1ndez, especialista en combate de incendios forestales de la CONAFOR, explic\u00f3 que como parte de las acciones preventivas una fuerza de tarea integrada por m\u00e1s de 57 elementos realiz\u00f3 la apertura y rehabilitaci\u00f3n de brechas cortafuego, con el prop\u00f3sito de reducir riesgos en zonas forestales y de pastizales. Asimismo, destac\u00f3 que el municipio cuenta con una brigada especializada de nueve combatientes capacitados por CONAFOR, quienes operan bajo el Sistema de Comando de Incidentes para salvaguardar tanto a la poblaci\u00f3n como a los ecosistemas.<\/p>\n\n\n\n<p>Las autoridades exhortaron a la ciudadan\u00eda a evitar quemas de basura o el uso irresponsable del fuego durante condiciones clim\u00e1ticas adversas y recordaron que cualquier actividad que implique manejo del fuego debe apegarse a la normatividad vigente y contar con asesor\u00eda t\u00e9cnica. Tambi\u00e9n informaron que continuar\u00e1n las capacitaciones y acciones preventivas, incluyendo quemas controladas supervisadas por especialistas, como parte de la estrategia integral para disminuir la incidencia de incendios forestales en la regi\u00f3n.<\/p>\n","protected":false},"excerpt":{"rendered":"<p>Yolanda Rodr\u00edguez\/ corresponsal 25 de febrero del 2026. San Crist\u00f3bal de Las Casas.\u2013 Autoridades de los tres \u00f3rdenes de gobierno participaron en una jornada de capacitaci\u00f3n y coordinaci\u00f3n interinstitucional convocada por la Comisi\u00f3n Nacional Forestal (CONAFOR), con el objetivo de fortalecer las estrategias preventivas ante la pr\u00f3xima temporada de incendios forestales en el municipio. La &hellip;<\/p>\n","protected":false},"author":2,"featured_media":26642,"comment_status":"open","ping_status":"open","sticky":false,"template":"","format":"standard","meta":{"footnotes":""},"categories":[7],"tags":[],"class_list":["post-26641","post","type-post","status-publish","format-standard","has-post-thumbnail","","category-chiapas"],"_links":{"self":[{"href":"https:\/\/reporteciudadanochiapas.com\/index.php?rest_route=\/wp\/v2\/posts\/26641","targetHints":{"allow":["GET"]}}],"collection":[{"href":"https:\/\/reporteciudadanochiapas.com\/index.php?rest_route=\/wp\/v2\/posts"}],"about":[{"href":"https:\/\/reporteciudadanochiapas.com\/index.php?rest_route=\/wp\/v2\/types\/post"}],"author":[{"embeddable":true,"href":"https:\/\/reporteciudadanochiapas.com\/index.php?rest_route=\/wp\/v2\/users\/2"}],"replies":[{"embeddable":true,"href":"https:\/\/reporteciudadanochiapas.com\/index.php?rest_route=%2Fwp%2Fv2%2Fcomments&post=26641"}],"version-history":[{"count":1,"href":"https:\/\/reporteciudadanochiapas.com\/index.php?rest_route=\/wp\/v2\/posts\/26641\/revisions"}],"predecessor-version":[{"id":26643,"href":"https:\/\/reporteciudadanochiapas.com\/index.php?rest_route=\/wp\/v2\/posts\/26641\/revisions\/26643"}],"wp:featuredmedia":[{"embeddable":true,"href":"https:\/\/reporteciudadanochiapas.com\/index.php?rest_route=\/wp\/v2\/media\/26642"}],"wp:attachment":[{"href":"https:\/\/reporteciudadanochiapas.com\/index.php?rest_route=%2Fwp%2Fv2%2Fmedia&parent=26641"}],"wp:term":[{"taxonomy":"category","embeddable":true,"href":"https:\/\/reporteciudadanochiapas.com\/index.php?rest_route=%2Fwp%2Fv2%2Fcategories&post=26641"},{"taxonomy":"post_tag","embeddable":true,"href":"https:\/\/reporteciudadanochiapas.com\/index.php?rest_route=%2Fwp%2Fv2%2Ftags&post=26641"}],"curies":[{"name":"wp","href":"https:\/\/api.w.org\/{rel}","templated":true}]}}