{"id":26625,"date":"2026-02-25T02:27:47","date_gmt":"2026-02-25T02:27:47","guid":{"rendered":"https:\/\/reporteciudadanochiapas.com\/?p=26625"},"modified":"2026-02-25T02:27:50","modified_gmt":"2026-02-25T02:27:50","slug":"taxista-acusan-a-movilidad-de-proteger-a-plataformas-digitales","status":"publish","type":"post","link":"https:\/\/reporteciudadanochiapas.com\/?p=26625","title":{"rendered":"Taxista acusan a Movilidad de proteger a plataformas digitales"},"content":{"rendered":"\n<figure class=\"wp-block-image size-full\"><img loading=\"lazy\" decoding=\"async\" width=\"720\" height=\"406\" src=\"https:\/\/reporteciudadanochiapas.com\/wp-content\/uploads\/2026\/02\/1000617297.jpg\" alt=\"\" class=\"wp-image-26626\" srcset=\"https:\/\/reporteciudadanochiapas.com\/wp-content\/uploads\/2026\/02\/1000617297.jpg 720w, https:\/\/reporteciudadanochiapas.com\/wp-content\/uploads\/2026\/02\/1000617297-300x169.jpg 300w\" sizes=\"auto, (max-width: 720px) 100vw, 720px\" \/><\/figure>\n\n\n\n<p><br>Manuel Jim\u00e9nez.<br>24 de febrero del 2026. Tuxtla Guti\u00e9rrez.- La ma\u00f1ana de este martes, integrantes del Sindicato de Taxistas Fidel Vel\u00e1zquez tomaron las principales calles del centro de la capital chiapaneca, cerrando la circulaci\u00f3n desde la Primera Poniente hasta la Segunda Oriente, para exigir a las autoridades estatales la aplicaci\u00f3n inmediata de operativos que regulen a las unidades que operan a trav\u00e9s de la plataforma DiDi.<br>Los manifestantes denunciaron que la Secretar\u00eda de Movilidad y Transporte ha evadido su responsabilidad ante el crecimiento desmedido de estas unidades, permitiendo que operen sin cumplir con la normativa estatal.<br>Julio Montero, vocero de los taxistas, asegur\u00f3 que existe un decreto oficial que obliga a la regulaci\u00f3n de las plataformas digitales, pero que la dependencia estatal ha hecho caso omiso y, por el contrario, ha otorgado pr\u00f3rrogas a las empresas tecnol\u00f3gicas para que sigan operando sin restricciones.<br>&#8220;Ya estamos cansados de que nos d\u00e9 vuelta la Secretar\u00eda de Movilidad. Sali\u00f3 el peri\u00f3dico oficial y a los dos d\u00edas se ten\u00eda que ejecutar el operativo, y no ha habido. Al contrario, les dieron m\u00e1s tiempo&#8221;, declar\u00f3 Montero, mostrando el documento con fecha del 5 de febrero de 2026, publicado en junio de 2025, que establece la regulaci\u00f3n pendiente.<\/p>\n\n\n\n<p>El l\u00edder transportista enfatiz\u00f3 que el gremio no busca la desaparici\u00f3n de plataformas como DiDi, sino una regulaci\u00f3n justa que las obligue a cumplir con sus obligaciones fiscales en Chiapas y a establecer un l\u00edmite de unidades en circulaci\u00f3n, tal como se implement\u00f3 en el estado de Colima.<br>&#8220;Sabemos que no se van a ir, pero que digan cu\u00e1ntos carros van a quedar por plataforma. En Colima fueron 500 por empresa. Esto es una burla para nuestro gobernador, que firm\u00f3 un documento con el Congreso del Estado para que se aplique la ley&#8221;, enfatiz\u00f3.<\/p>\n\n\n\n<p>Montero compar\u00f3 el n\u00famero de taxis tradicionales, que asciende a casi 6 mil, con las m\u00e1s de 16 mil unidades que, seg\u00fan cifras de las propias plataformas, prestan servicio en Tuxtla Guti\u00e9rrez, lo que consider\u00f3 un riesgo para la ciudadan\u00eda.<br>&#8220;Imag\u00ednense, 16 mil carros sin seguro, sin protecci\u00f3n al ciudadano. Nosotros, como concesionarios, respondemos por cualquier incidente que ocasione nuestro chofer. En las plataformas, \u00bfqui\u00e9n responde?&#8221;, cuestion\u00f3.<br>Los manifestantes acusaron a la Secretar\u00eda de Movilidad de mantener una actitud permisiva con las empresas digitales, mientras que los taxistas convencionales son sujetos a sanciones constantes. Recordaron que, pese a acuerdos alcanzados tras un bloqueo el 1 de diciembre de 2025, los operativos prometidos para el 15 de diciembre nunca se materializaron.<\/p>\n","protected":false},"excerpt":{"rendered":"<p>Manuel Jim\u00e9nez.24 de febrero del 2026. Tuxtla Guti\u00e9rrez.- La ma\u00f1ana de este martes, integrantes del Sindicato de Taxistas Fidel Vel\u00e1zquez tomaron las principales calles del centro de la capital chiapaneca, cerrando la circulaci\u00f3n desde la Primera Poniente hasta la Segunda Oriente, para exigir a las autoridades estatales la aplicaci\u00f3n inmediata de operativos que regulen a &hellip;<\/p>\n","protected":false},"author":2,"featured_media":26626,"comment_status":"open","ping_status":"open","sticky":false,"template":"","format":"standard","meta":{"footnotes":""},"categories":[6],"tags":[],"class_list":["post-26625","post","type-post","status-publish","format-standard","has-post-thumbnail","","category-tuxtla"],"_links":{"self":[{"href":"https:\/\/reporteciudadanochiapas.com\/index.php?rest_route=\/wp\/v2\/posts\/26625","targetHints":{"allow":["GET"]}}],"collection":[{"href":"https:\/\/reporteciudadanochiapas.com\/index.php?rest_route=\/wp\/v2\/posts"}],"about":[{"href":"https:\/\/reporteciudadanochiapas.com\/index.php?rest_route=\/wp\/v2\/types\/post"}],"author":[{"embeddable":true,"href":"https:\/\/reporteciudadanochiapas.com\/index.php?rest_route=\/wp\/v2\/users\/2"}],"replies":[{"embeddable":true,"href":"https:\/\/reporteciudadanochiapas.com\/index.php?rest_route=%2Fwp%2Fv2%2Fcomments&post=26625"}],"version-history":[{"count":1,"href":"https:\/\/reporteciudadanochiapas.com\/index.php?rest_route=\/wp\/v2\/posts\/26625\/revisions"}],"predecessor-version":[{"id":26627,"href":"https:\/\/reporteciudadanochiapas.com\/index.php?rest_route=\/wp\/v2\/posts\/26625\/revisions\/26627"}],"wp:featuredmedia":[{"embeddable":true,"href":"https:\/\/reporteciudadanochiapas.com\/index.php?rest_route=\/wp\/v2\/media\/26626"}],"wp:attachment":[{"href":"https:\/\/reporteciudadanochiapas.com\/index.php?rest_route=%2Fwp%2Fv2%2Fmedia&parent=26625"}],"wp:term":[{"taxonomy":"category","embeddable":true,"href":"https:\/\/reporteciudadanochiapas.com\/index.php?rest_route=%2Fwp%2Fv2%2Fcategories&post=26625"},{"taxonomy":"post_tag","embeddable":true,"href":"https:\/\/reporteciudadanochiapas.com\/index.php?rest_route=%2Fwp%2Fv2%2Ftags&post=26625"}],"curies":[{"name":"wp","href":"https:\/\/api.w.org\/{rel}","templated":true}]}}