{"id":26619,"date":"2026-02-24T03:25:03","date_gmt":"2026-02-24T03:25:03","guid":{"rendered":"https:\/\/reporteciudadanochiapas.com\/?p=26619"},"modified":"2026-02-24T03:25:06","modified_gmt":"2026-02-24T03:25:06","slug":"chiapas-sin-bloqueos-ni-quema-de-unidades-tras-operativo-contra-el-mencho","status":"publish","type":"post","link":"https:\/\/reporteciudadanochiapas.com\/?p=26619","title":{"rendered":"Chiapas sin bloqueos ni quema de unidades tras operativo contra &#8220;El Mencho&#8221;"},"content":{"rendered":"\n<figure class=\"wp-block-image size-large\"><img loading=\"lazy\" decoding=\"async\" width=\"652\" height=\"1024\" src=\"https:\/\/reporteciudadanochiapas.com\/wp-content\/uploads\/2026\/02\/1000615663-652x1024.jpg\" alt=\"\" class=\"wp-image-26620\" srcset=\"https:\/\/reporteciudadanochiapas.com\/wp-content\/uploads\/2026\/02\/1000615663-652x1024.jpg 652w, https:\/\/reporteciudadanochiapas.com\/wp-content\/uploads\/2026\/02\/1000615663-191x300.jpg 191w, https:\/\/reporteciudadanochiapas.com\/wp-content\/uploads\/2026\/02\/1000615663.jpg 698w\" sizes=\"auto, (max-width: 652px) 100vw, 652px\" \/><\/figure>\n\n\n\n<p>Manuel Jim\u00e9nez.<\/p>\n\n\n\n<p>23 de febrero del 2025. Tuxtla Guti\u00e9rrez, Chiapas. \u2013 Luego de la captura y abatimiento de uno de los l\u00edderes criminales m\u00e1s buscados a nivel internacional, conocido como &#8220;El Mencho&#8221;, la C\u00e1mara Nacional del Autotransporte de Carga (Canacar) en Chiapas hizo un balance positivo de las acciones de seguridad emprendidas tanto por el Gobierno Federal como por la administraci\u00f3n estatal, se\u00f1alando que los resultados en la entidad contrastan favorablemente con lo ocurrido en otros estados.<\/p>\n\n\n\n<p>En entrevista, el contador Raquel Gordillo Cano, delegado de Canacar en Chiapas, afirm\u00f3 que, pese a la violencia desatada en otras regiones del pa\u00eds como represalia por el operativo, la entidad sure\u00f1a se ha mantenido en calma, con libre tr\u00e1nsito en sus carreteras y sin reportes de bloqueos o quema de unidades.<\/p>\n\n\n\n<p>&#8220;El actuar de las autoridades federales es acertado&#8221;<\/p>\n\n\n\n<p>Cuestionado sobre el operativo que culmin\u00f3 con la baja del capo, Gordillo Cano expres\u00f3 su respaldo a las fuerzas federales, aunque lament\u00f3 las p\u00e9rdidas humanas sufridas durante los enfrentamientos. &#8220;Definitivamente el actuar de nuestras autoridades federales es acertado&#8221;, sostuvo.<\/p>\n\n\n\n<p>No obstante, puso especial \u00e9nfasis en el contraste entre Chiapas y el resto del pa\u00eds. &#8220;Lo interesante para nosotros los chiapanecos es ver que en otros estados est\u00e1n habiendo bloqueos, quema de unidades. De hecho, siguen habiendo en otros estados de la Rep\u00fablica. Lo que no sucede en Chiapas&#8221;, subray\u00f3.<\/p>\n\n\n\n<p>Previsi\u00f3n y trabajo coordinado, claves de la estabilidad<\/p>\n\n\n\n<p>El representante de los transportistas atribuy\u00f3 esta tranquilidad a una intervenci\u00f3n oportuna por parte de las autoridades locales y federales. &#8220;Se empez\u00f3 a trabajar a tiempo con nuestras autoridades, porque no hay ning\u00fan bloqueo. En todos los estados est\u00e1n resintiendo las consecuencias de no haber trabajado desde antes. En Chiapas podemos sentirnos orgullosos, ya que somos uno de los pocos estados donde no hubo reacciones graves tras la ca\u00edda de esta persona&#8221;, explic\u00f3.<\/p>\n\n\n\n<p>Gordillo Cano tambi\u00e9n se refiri\u00f3 al posicionamiento del gobernador del estado, quien ha reiterado que no habr\u00e1 tregua a la delincuencia. &#8220;Nuestro gobernador lo que dice, lo cumple y lo estamos viendo&#8221;, afirm\u00f3, recordando como ejemplo la reciente liberaci\u00f3n de un bloqueo en el tramo Ocosingo-Oxchuc, donde un grupo de personas manten\u00eda extorsiones a los automovilistas. &#8220;Fue muy aplaudida su acci\u00f3n de liberar las v\u00edas&#8221;, destac\u00f3.<\/p>\n\n\n\n<p>Chiapas, un caso de \u00e9xito en movilidad y seguridad<\/p>\n\n\n\n<p>Al comparar la situaci\u00f3n local con la de otras entidades, el delegado de Canacar fue enf\u00e1tico: &#8220;Nosotros como transportistas de carga federal circulamos por Veracruz, Puebla, Estado de M\u00e9xico, Guanajuato, Jalisco, Tabasco, y en ning\u00fan estado est\u00e1 como en Chiapas. Te puedo decir con toda certeza que es el \u00fanico estado donde prevalece la tranquilidad y la libre circulaci\u00f3n en las carreteras&#8221;.<\/p>\n\n\n\n<p>Gordillo Cano subray\u00f3 que esto es resultado de un trabajo en conjunto donde no hay &#8220;autoridades de escritorio&#8221;. &#8220;La Secretar\u00eda de Seguridad, la Fiscal\u00eda, la Guardia Nacional est\u00e1n por todos los municipios manteniendo el orden. Deseamos que as\u00ed siga&#8221;, puntualiz\u00f3.<\/p>\n\n\n\n<p>Finalmente, envi\u00f3 un mensaje de agradecimiento a las autoridades y al Ejecutivo estatal por permitir que los chiapanecos puedan transitar con tranquilidad por las v\u00edas de comunicaci\u00f3n de la entidad.<\/p>\n","protected":false},"excerpt":{"rendered":"<p>Manuel Jim\u00e9nez. 23 de febrero del 2025. Tuxtla Guti\u00e9rrez, Chiapas. \u2013 Luego de la captura y abatimiento de uno de los l\u00edderes criminales m\u00e1s buscados a nivel internacional, conocido como &#8220;El Mencho&#8221;, la C\u00e1mara Nacional del Autotransporte de Carga (Canacar) en Chiapas hizo un balance positivo de las acciones de seguridad emprendidas tanto por el &hellip;<\/p>\n","protected":false},"author":2,"featured_media":26620,"comment_status":"open","ping_status":"open","sticky":false,"template":"","format":"standard","meta":{"footnotes":""},"categories":[6],"tags":[],"class_list":["post-26619","post","type-post","status-publish","format-standard","has-post-thumbnail","","category-tuxtla"],"_links":{"self":[{"href":"https:\/\/reporteciudadanochiapas.com\/index.php?rest_route=\/wp\/v2\/posts\/26619","targetHints":{"allow":["GET"]}}],"collection":[{"href":"https:\/\/reporteciudadanochiapas.com\/index.php?rest_route=\/wp\/v2\/posts"}],"about":[{"href":"https:\/\/reporteciudadanochiapas.com\/index.php?rest_route=\/wp\/v2\/types\/post"}],"author":[{"embeddable":true,"href":"https:\/\/reporteciudadanochiapas.com\/index.php?rest_route=\/wp\/v2\/users\/2"}],"replies":[{"embeddable":true,"href":"https:\/\/reporteciudadanochiapas.com\/index.php?rest_route=%2Fwp%2Fv2%2Fcomments&post=26619"}],"version-history":[{"count":1,"href":"https:\/\/reporteciudadanochiapas.com\/index.php?rest_route=\/wp\/v2\/posts\/26619\/revisions"}],"predecessor-version":[{"id":26621,"href":"https:\/\/reporteciudadanochiapas.com\/index.php?rest_route=\/wp\/v2\/posts\/26619\/revisions\/26621"}],"wp:featuredmedia":[{"embeddable":true,"href":"https:\/\/reporteciudadanochiapas.com\/index.php?rest_route=\/wp\/v2\/media\/26620"}],"wp:attachment":[{"href":"https:\/\/reporteciudadanochiapas.com\/index.php?rest_route=%2Fwp%2Fv2%2Fmedia&parent=26619"}],"wp:term":[{"taxonomy":"category","embeddable":true,"href":"https:\/\/reporteciudadanochiapas.com\/index.php?rest_route=%2Fwp%2Fv2%2Fcategories&post=26619"},{"taxonomy":"post_tag","embeddable":true,"href":"https:\/\/reporteciudadanochiapas.com\/index.php?rest_route=%2Fwp%2Fv2%2Ftags&post=26619"}],"curies":[{"name":"wp","href":"https:\/\/api.w.org\/{rel}","templated":true}]}}