{"id":26551,"date":"2026-02-20T03:36:00","date_gmt":"2026-02-20T03:36:00","guid":{"rendered":"https:\/\/reporteciudadanochiapas.com\/?p=26551"},"modified":"2026-02-20T03:36:02","modified_gmt":"2026-02-20T03:36:02","slug":"poder-judicial-participa-en-sesion-de-trabajo-interinstitucional-contra-la-violencia-hacia-las-mujeres","status":"publish","type":"post","link":"https:\/\/reporteciudadanochiapas.com\/?p=26551","title":{"rendered":"Poder Judicial participa en sesi\u00f3n de trabajo interinstitucional contra la violencia hacia las mujeres"},"content":{"rendered":"\n<figure class=\"wp-block-gallery has-nested-images columns-default is-cropped wp-block-gallery-1 is-layout-flex wp-block-gallery-is-layout-flex\">\n<figure class=\"wp-block-image size-large\"><img loading=\"lazy\" decoding=\"async\" width=\"1024\" height=\"768\" data-id=\"26554\" src=\"https:\/\/reporteciudadanochiapas.com\/wp-content\/uploads\/2026\/02\/1000609183-1024x768.jpg\" alt=\"\" class=\"wp-image-26554\" srcset=\"https:\/\/reporteciudadanochiapas.com\/wp-content\/uploads\/2026\/02\/1000609183-1024x768.jpg 1024w, https:\/\/reporteciudadanochiapas.com\/wp-content\/uploads\/2026\/02\/1000609183-300x225.jpg 300w, https:\/\/reporteciudadanochiapas.com\/wp-content\/uploads\/2026\/02\/1000609183-768x576.jpg 768w, https:\/\/reporteciudadanochiapas.com\/wp-content\/uploads\/2026\/02\/1000609183-1536x1152.jpg 1536w, https:\/\/reporteciudadanochiapas.com\/wp-content\/uploads\/2026\/02\/1000609183.jpg 1600w\" sizes=\"auto, (max-width: 1024px) 100vw, 1024px\" \/><\/figure>\n\n\n\n<figure class=\"wp-block-image size-large\"><img loading=\"lazy\" decoding=\"async\" width=\"1024\" height=\"683\" data-id=\"26552\" src=\"https:\/\/reporteciudadanochiapas.com\/wp-content\/uploads\/2026\/02\/1000609185-1024x683.jpg\" alt=\"\" class=\"wp-image-26552\" srcset=\"https:\/\/reporteciudadanochiapas.com\/wp-content\/uploads\/2026\/02\/1000609185-1024x683.jpg 1024w, https:\/\/reporteciudadanochiapas.com\/wp-content\/uploads\/2026\/02\/1000609185-300x200.jpg 300w, https:\/\/reporteciudadanochiapas.com\/wp-content\/uploads\/2026\/02\/1000609185-768x512.jpg 768w, https:\/\/reporteciudadanochiapas.com\/wp-content\/uploads\/2026\/02\/1000609185.jpg 1280w\" sizes=\"auto, (max-width: 1024px) 100vw, 1024px\" \/><\/figure>\n\n\n\n<figure class=\"wp-block-image size-large\"><img loading=\"lazy\" decoding=\"async\" width=\"1024\" height=\"683\" data-id=\"26553\" src=\"https:\/\/reporteciudadanochiapas.com\/wp-content\/uploads\/2026\/02\/1000609187-1024x683.jpg\" alt=\"\" class=\"wp-image-26553\" srcset=\"https:\/\/reporteciudadanochiapas.com\/wp-content\/uploads\/2026\/02\/1000609187-1024x683.jpg 1024w, https:\/\/reporteciudadanochiapas.com\/wp-content\/uploads\/2026\/02\/1000609187-300x200.jpg 300w, https:\/\/reporteciudadanochiapas.com\/wp-content\/uploads\/2026\/02\/1000609187-768x512.jpg 768w, https:\/\/reporteciudadanochiapas.com\/wp-content\/uploads\/2026\/02\/1000609187.jpg 1280w\" sizes=\"auto, (max-width: 1024px) 100vw, 1024px\" \/><\/figure>\n<\/figure>\n\n\n\n<p>19 de febrero del 2026. El Poder Judicial del Estado de Chiapas, que encabeza el magistrado presidente Juan Carlos Moreno Guill\u00e9n, particip\u00f3 en la Primera Sesi\u00f3n Ordinaria 2026 del Consejo Estatal para Garantizar el Derecho de las Mujeres a una Vida Libre de Violencia, realizada en la sede del Gobierno del Estado, con la representaci\u00f3n de la directora de Igualdad de G\u00e9nero y Derechos Humanos, Margarita Esther L\u00f3pez Morales.<\/p>\n\n\n\n<p>En esta sesi\u00f3n, encabezada por la secretaria de la Mujer e Igualdad de G\u00e9nero, Marian V\u00e1zquez Gonz\u00e1lez, y que reuni\u00f3 a representantes de instituciones p\u00fablicas, sociedad civil y ayuntamientos, se presentaron los avances en los municipios con Alerta de Violencia de G\u00e9nero contra las Mujeres (AVGM) y los planes de acci\u00f3n municipales, reafirmando la coordinaci\u00f3n interinstitucional para garantizar el derecho de las mujeres a una vida libre de violencia.<\/p>\n","protected":false},"excerpt":{"rendered":"<p>19 de febrero del 2026. El Poder Judicial del Estado de Chiapas, que encabeza el magistrado presidente Juan Carlos Moreno Guill\u00e9n, particip\u00f3 en la Primera Sesi\u00f3n Ordinaria 2026 del Consejo Estatal para Garantizar el Derecho de las Mujeres a una Vida Libre de Violencia, realizada en la sede del Gobierno del Estado, con la representaci\u00f3n &hellip;<\/p>\n","protected":false},"author":2,"featured_media":26553,"comment_status":"open","ping_status":"open","sticky":false,"template":"","format":"standard","meta":{"footnotes":""},"categories":[6],"tags":[],"class_list":["post-26551","post","type-post","status-publish","format-standard","has-post-thumbnail","","category-tuxtla"],"_links":{"self":[{"href":"https:\/\/reporteciudadanochiapas.com\/index.php?rest_route=\/wp\/v2\/posts\/26551","targetHints":{"allow":["GET"]}}],"collection":[{"href":"https:\/\/reporteciudadanochiapas.com\/index.php?rest_route=\/wp\/v2\/posts"}],"about":[{"href":"https:\/\/reporteciudadanochiapas.com\/index.php?rest_route=\/wp\/v2\/types\/post"}],"author":[{"embeddable":true,"href":"https:\/\/reporteciudadanochiapas.com\/index.php?rest_route=\/wp\/v2\/users\/2"}],"replies":[{"embeddable":true,"href":"https:\/\/reporteciudadanochiapas.com\/index.php?rest_route=%2Fwp%2Fv2%2Fcomments&post=26551"}],"version-history":[{"count":1,"href":"https:\/\/reporteciudadanochiapas.com\/index.php?rest_route=\/wp\/v2\/posts\/26551\/revisions"}],"predecessor-version":[{"id":26555,"href":"https:\/\/reporteciudadanochiapas.com\/index.php?rest_route=\/wp\/v2\/posts\/26551\/revisions\/26555"}],"wp:featuredmedia":[{"embeddable":true,"href":"https:\/\/reporteciudadanochiapas.com\/index.php?rest_route=\/wp\/v2\/media\/26553"}],"wp:attachment":[{"href":"https:\/\/reporteciudadanochiapas.com\/index.php?rest_route=%2Fwp%2Fv2%2Fmedia&parent=26551"}],"wp:term":[{"taxonomy":"category","embeddable":true,"href":"https:\/\/reporteciudadanochiapas.com\/index.php?rest_route=%2Fwp%2Fv2%2Fcategories&post=26551"},{"taxonomy":"post_tag","embeddable":true,"href":"https:\/\/reporteciudadanochiapas.com\/index.php?rest_route=%2Fwp%2Fv2%2Ftags&post=26551"}],"curies":[{"name":"wp","href":"https:\/\/api.w.org\/{rel}","templated":true}]}}