{"id":26529,"date":"2026-02-19T03:36:02","date_gmt":"2026-02-19T03:36:02","guid":{"rendered":"https:\/\/reporteciudadanochiapas.com\/?p=26529"},"modified":"2026-02-19T03:36:05","modified_gmt":"2026-02-19T03:36:05","slug":"senador-melgar-debera-tomar-capacitacion-por-usar-la-palabra-autista-como-insulto","status":"publish","type":"post","link":"https:\/\/reporteciudadanochiapas.com\/?p=26529","title":{"rendered":"Senador Melgar deber\u00e1 tomar capacitaci\u00f3n por usar la palabra autista como insulto"},"content":{"rendered":"\n<figure class=\"wp-block-image size-large\"><img loading=\"lazy\" decoding=\"async\" width=\"1024\" height=\"893\" src=\"https:\/\/reporteciudadanochiapas.com\/wp-content\/uploads\/2026\/02\/1000607555-1024x893.jpg\" alt=\"\" class=\"wp-image-26530\" srcset=\"https:\/\/reporteciudadanochiapas.com\/wp-content\/uploads\/2026\/02\/1000607555-1024x893.jpg 1024w, https:\/\/reporteciudadanochiapas.com\/wp-content\/uploads\/2026\/02\/1000607555-300x262.jpg 300w, https:\/\/reporteciudadanochiapas.com\/wp-content\/uploads\/2026\/02\/1000607555-768x670.jpg 768w, https:\/\/reporteciudadanochiapas.com\/wp-content\/uploads\/2026\/02\/1000607555.jpg 1080w\" sizes=\"auto, (max-width: 1024px) 100vw, 1024px\" \/><\/figure>\n\n\n\n<p>Javier Dom\u00ednguez.<\/p>\n\n\n\n<p>18 de febrero del 2026. Tuxtla Guti\u00e9rrez.- El senador Luis Armando Melgar Bravo deber\u00e1 someterse a una capacitaci\u00f3n en materia de autismo y no discriminaci\u00f3n, luego de que la Comisi\u00f3n Estatal de los Derechos Humanos (CEDH) admitiera una queja presentada por familias y organizaciones civiles, quienes resultaron profundamente lastimadas por el uso despectivo que el legislador hizo del t\u00e9rmino &#8220;autista&#8221; para referirse al exgobernador Rutilio Escand\u00f3n Cadenas.<\/p>\n\n\n\n<p>El presidente de la CEDH, Horacio Culebro Borrayas, confirm\u00f3 que, como parte del acuerdo reparatorio alcanzado, Melgar Bravo deber\u00e1 comprobar su inscripci\u00f3n y conclusi\u00f3n de un curso especializado, adem\u00e1s de entregar la constancia oficial que acredite su participaci\u00f3n.<\/p>\n\n\n\n<p>\u201cLe hicimos ver al senador que tiene la obligaci\u00f3n de capacitarse en el tema del autismo. Deber\u00e1 informar a esta Comisi\u00f3n d\u00f3nde se inscribe, la duraci\u00f3n del curso y remitir el documento que lo acredite\u201d, explic\u00f3 el ombudsman.<\/p>\n\n\n\n<p>La controversia se desat\u00f3 cuando, durante una entrevista en la que Melgar Bravo criticaba el legado del exmandatario Rutilio Escand\u00f3n, el senador utiliz\u00f3 la palabra &#8220;autista&#8221; con una clara intenci\u00f3n peyorativa. Las declaraciones no tardaron en viralizarse en redes sociales, donde cientos de usuarios se\u00f1alaron la carga estigmatizante del comentario y su impacto en las personas con trastorno del espectro autista (TEA) y sus familias.<\/p>\n\n\n\n<p>El senador Melgar Bravo ya ofreci\u00f3 disculpas p\u00fablicas a las familias afectadas y manifest\u00f3 su disposici\u00f3n a cumplir con la capacitaci\u00f3n exigida por la CEDH<\/p>\n","protected":false},"excerpt":{"rendered":"<p>Javier Dom\u00ednguez. 18 de febrero del 2026. Tuxtla Guti\u00e9rrez.- El senador Luis Armando Melgar Bravo deber\u00e1 someterse a una capacitaci\u00f3n en materia de autismo y no discriminaci\u00f3n, luego de que la Comisi\u00f3n Estatal de los Derechos Humanos (CEDH) admitiera una queja presentada por familias y organizaciones civiles, quienes resultaron profundamente lastimadas por el uso despectivo &hellip;<\/p>\n","protected":false},"author":2,"featured_media":26530,"comment_status":"open","ping_status":"open","sticky":false,"template":"","format":"standard","meta":{"footnotes":""},"categories":[6],"tags":[],"class_list":["post-26529","post","type-post","status-publish","format-standard","has-post-thumbnail","","category-tuxtla"],"_links":{"self":[{"href":"https:\/\/reporteciudadanochiapas.com\/index.php?rest_route=\/wp\/v2\/posts\/26529","targetHints":{"allow":["GET"]}}],"collection":[{"href":"https:\/\/reporteciudadanochiapas.com\/index.php?rest_route=\/wp\/v2\/posts"}],"about":[{"href":"https:\/\/reporteciudadanochiapas.com\/index.php?rest_route=\/wp\/v2\/types\/post"}],"author":[{"embeddable":true,"href":"https:\/\/reporteciudadanochiapas.com\/index.php?rest_route=\/wp\/v2\/users\/2"}],"replies":[{"embeddable":true,"href":"https:\/\/reporteciudadanochiapas.com\/index.php?rest_route=%2Fwp%2Fv2%2Fcomments&post=26529"}],"version-history":[{"count":1,"href":"https:\/\/reporteciudadanochiapas.com\/index.php?rest_route=\/wp\/v2\/posts\/26529\/revisions"}],"predecessor-version":[{"id":26531,"href":"https:\/\/reporteciudadanochiapas.com\/index.php?rest_route=\/wp\/v2\/posts\/26529\/revisions\/26531"}],"wp:featuredmedia":[{"embeddable":true,"href":"https:\/\/reporteciudadanochiapas.com\/index.php?rest_route=\/wp\/v2\/media\/26530"}],"wp:attachment":[{"href":"https:\/\/reporteciudadanochiapas.com\/index.php?rest_route=%2Fwp%2Fv2%2Fmedia&parent=26529"}],"wp:term":[{"taxonomy":"category","embeddable":true,"href":"https:\/\/reporteciudadanochiapas.com\/index.php?rest_route=%2Fwp%2Fv2%2Fcategories&post=26529"},{"taxonomy":"post_tag","embeddable":true,"href":"https:\/\/reporteciudadanochiapas.com\/index.php?rest_route=%2Fwp%2Fv2%2Ftags&post=26529"}],"curies":[{"name":"wp","href":"https:\/\/api.w.org\/{rel}","templated":true}]}}