{"id":26517,"date":"2026-02-19T03:29:32","date_gmt":"2026-02-19T03:29:32","guid":{"rendered":"https:\/\/reporteciudadanochiapas.com\/?p=26517"},"modified":"2026-02-19T03:29:35","modified_gmt":"2026-02-19T03:29:35","slug":"localizan-a-hombre-c0lgd0-en-la-colonia-2-de-febrero","status":"publish","type":"post","link":"https:\/\/reporteciudadanochiapas.com\/?p=26517","title":{"rendered":"Localizan a hombre c0lg@d0 en la Colonia 2 de Febrero"},"content":{"rendered":"\n<figure class=\"wp-block-image size-large\"><img loading=\"lazy\" decoding=\"async\" width=\"1024\" height=\"714\" src=\"https:\/\/reporteciudadanochiapas.com\/wp-content\/uploads\/2026\/02\/1000607317-1024x714.jpg\" alt=\"\" class=\"wp-image-26518\" srcset=\"https:\/\/reporteciudadanochiapas.com\/wp-content\/uploads\/2026\/02\/1000607317-1024x714.jpg 1024w, https:\/\/reporteciudadanochiapas.com\/wp-content\/uploads\/2026\/02\/1000607317-300x209.jpg 300w, https:\/\/reporteciudadanochiapas.com\/wp-content\/uploads\/2026\/02\/1000607317-768x535.jpg 768w, https:\/\/reporteciudadanochiapas.com\/wp-content\/uploads\/2026\/02\/1000607317.jpg 1080w\" sizes=\"auto, (max-width: 1024px) 100vw, 1024px\" \/><\/figure>\n\n\n\n<p>Jairo Camacho.<\/p>\n\n\n\n<p>Agencia ReporteCiudadano, 18 de febrero del 2026. Tuxtla Guti\u00e9rrez.- Este mi\u00e9rcoles por la tarde fue localizado un hombre sin vida al interior de un domicilio ubicado sobre la Avenida Cop\u00e1n y Campeche de la Colonia 2 de Febrero.<\/p>\n\n\n\n<p>Los reportes oficiales informaron que este hecho ocurri\u00f3 cuando Velina G\u00f3mez de 63 a\u00f1os llam\u00f3 a los n\u00fameros de emergencias.<\/p>\n\n\n\n<p>En el lugar la mujer inform\u00f3 que, al arribar cerca de las cinco de la tarde encontr\u00f3 a su hijo de nombre Victor Manuel de 38 a\u00f1os de edad c0lg@d0 sujeto del cuello con un lazo del techo.<\/p>\n\n\n\n<p>Al lugar arribaron param\u00e9dicos quienes confirmaron el deceso.<\/p>\n\n\n\n<p>Peritos de la Fiscal\u00eda General del Estado realizaron las diligencias correspondientes, levantaron el cuerpo y lo trasladaron al Semefo donde se practicar\u00eda la necropsia de ley.<\/p>\n","protected":false},"excerpt":{"rendered":"<p>Jairo Camacho. Agencia ReporteCiudadano, 18 de febrero del 2026. Tuxtla Guti\u00e9rrez.- Este mi\u00e9rcoles por la tarde fue localizado un hombre sin vida al interior de un domicilio ubicado sobre la Avenida Cop\u00e1n y Campeche de la Colonia 2 de Febrero. Los reportes oficiales informaron que este hecho ocurri\u00f3 cuando Velina G\u00f3mez de 63 a\u00f1os llam\u00f3 &hellip;<\/p>\n","protected":false},"author":2,"featured_media":26518,"comment_status":"open","ping_status":"open","sticky":false,"template":"","format":"standard","meta":{"footnotes":""},"categories":[4],"tags":[],"class_list":["post-26517","post","type-post","status-publish","format-standard","has-post-thumbnail","","category-roja"],"_links":{"self":[{"href":"https:\/\/reporteciudadanochiapas.com\/index.php?rest_route=\/wp\/v2\/posts\/26517","targetHints":{"allow":["GET"]}}],"collection":[{"href":"https:\/\/reporteciudadanochiapas.com\/index.php?rest_route=\/wp\/v2\/posts"}],"about":[{"href":"https:\/\/reporteciudadanochiapas.com\/index.php?rest_route=\/wp\/v2\/types\/post"}],"author":[{"embeddable":true,"href":"https:\/\/reporteciudadanochiapas.com\/index.php?rest_route=\/wp\/v2\/users\/2"}],"replies":[{"embeddable":true,"href":"https:\/\/reporteciudadanochiapas.com\/index.php?rest_route=%2Fwp%2Fv2%2Fcomments&post=26517"}],"version-history":[{"count":1,"href":"https:\/\/reporteciudadanochiapas.com\/index.php?rest_route=\/wp\/v2\/posts\/26517\/revisions"}],"predecessor-version":[{"id":26519,"href":"https:\/\/reporteciudadanochiapas.com\/index.php?rest_route=\/wp\/v2\/posts\/26517\/revisions\/26519"}],"wp:featuredmedia":[{"embeddable":true,"href":"https:\/\/reporteciudadanochiapas.com\/index.php?rest_route=\/wp\/v2\/media\/26518"}],"wp:attachment":[{"href":"https:\/\/reporteciudadanochiapas.com\/index.php?rest_route=%2Fwp%2Fv2%2Fmedia&parent=26517"}],"wp:term":[{"taxonomy":"category","embeddable":true,"href":"https:\/\/reporteciudadanochiapas.com\/index.php?rest_route=%2Fwp%2Fv2%2Fcategories&post=26517"},{"taxonomy":"post_tag","embeddable":true,"href":"https:\/\/reporteciudadanochiapas.com\/index.php?rest_route=%2Fwp%2Fv2%2Ftags&post=26517"}],"curies":[{"name":"wp","href":"https:\/\/api.w.org\/{rel}","templated":true}]}}