{"id":26512,"date":"2026-02-19T03:26:54","date_gmt":"2026-02-19T03:26:54","guid":{"rendered":"https:\/\/reporteciudadanochiapas.com\/?p=26512"},"modified":"2026-02-19T03:26:57","modified_gmt":"2026-02-19T03:26:57","slug":"supervisan-preparativos-para-garantizar-una-feria-de-la-primavera-y-de-la-paz-segura-y-exitosa","status":"publish","type":"post","link":"https:\/\/reporteciudadanochiapas.com\/?p=26512","title":{"rendered":"Supervisan preparativos para garantizar una Feria de la Primavera y de la Paz segura y exitosa"},"content":{"rendered":"\n<figure class=\"wp-block-gallery has-nested-images columns-default is-cropped wp-block-gallery-1 is-layout-flex wp-block-gallery-is-layout-flex\">\n<figure class=\"wp-block-image size-large\"><img loading=\"lazy\" decoding=\"async\" width=\"1024\" height=\"682\" data-id=\"26513\" src=\"https:\/\/reporteciudadanochiapas.com\/wp-content\/uploads\/2026\/02\/1000607460-1024x682.jpg\" alt=\"\" class=\"wp-image-26513\" srcset=\"https:\/\/reporteciudadanochiapas.com\/wp-content\/uploads\/2026\/02\/1000607460-1024x682.jpg 1024w, https:\/\/reporteciudadanochiapas.com\/wp-content\/uploads\/2026\/02\/1000607460-300x200.jpg 300w, https:\/\/reporteciudadanochiapas.com\/wp-content\/uploads\/2026\/02\/1000607460-768x512.jpg 768w, https:\/\/reporteciudadanochiapas.com\/wp-content\/uploads\/2026\/02\/1000607460-1536x1023.jpg 1536w, https:\/\/reporteciudadanochiapas.com\/wp-content\/uploads\/2026\/02\/1000607460-310x205.jpg 310w, https:\/\/reporteciudadanochiapas.com\/wp-content\/uploads\/2026\/02\/1000607460.jpg 1600w\" sizes=\"auto, (max-width: 1024px) 100vw, 1024px\" \/><\/figure>\n\n\n\n<figure class=\"wp-block-image size-large\"><img loading=\"lazy\" decoding=\"async\" width=\"1024\" height=\"682\" data-id=\"26514\" src=\"https:\/\/reporteciudadanochiapas.com\/wp-content\/uploads\/2026\/02\/1000607457-1024x682.jpg\" alt=\"\" class=\"wp-image-26514\" srcset=\"https:\/\/reporteciudadanochiapas.com\/wp-content\/uploads\/2026\/02\/1000607457-1024x682.jpg 1024w, https:\/\/reporteciudadanochiapas.com\/wp-content\/uploads\/2026\/02\/1000607457-300x200.jpg 300w, https:\/\/reporteciudadanochiapas.com\/wp-content\/uploads\/2026\/02\/1000607457-768x512.jpg 768w, https:\/\/reporteciudadanochiapas.com\/wp-content\/uploads\/2026\/02\/1000607457-1536x1023.jpg 1536w, https:\/\/reporteciudadanochiapas.com\/wp-content\/uploads\/2026\/02\/1000607457-310x205.jpg 310w, https:\/\/reporteciudadanochiapas.com\/wp-content\/uploads\/2026\/02\/1000607457.jpg 1600w\" sizes=\"auto, (max-width: 1024px) 100vw, 1024px\" \/><\/figure>\n\n\n\n<figure class=\"wp-block-image size-large\"><img loading=\"lazy\" decoding=\"async\" width=\"1024\" height=\"682\" data-id=\"26515\" src=\"https:\/\/reporteciudadanochiapas.com\/wp-content\/uploads\/2026\/02\/1000607463-1024x682.jpg\" alt=\"\" class=\"wp-image-26515\" srcset=\"https:\/\/reporteciudadanochiapas.com\/wp-content\/uploads\/2026\/02\/1000607463-1024x682.jpg 1024w, https:\/\/reporteciudadanochiapas.com\/wp-content\/uploads\/2026\/02\/1000607463-300x200.jpg 300w, https:\/\/reporteciudadanochiapas.com\/wp-content\/uploads\/2026\/02\/1000607463-768x512.jpg 768w, https:\/\/reporteciudadanochiapas.com\/wp-content\/uploads\/2026\/02\/1000607463-1536x1023.jpg 1536w, https:\/\/reporteciudadanochiapas.com\/wp-content\/uploads\/2026\/02\/1000607463-310x205.jpg 310w, https:\/\/reporteciudadanochiapas.com\/wp-content\/uploads\/2026\/02\/1000607463.jpg 1600w\" sizes=\"auto, (max-width: 1024px) 100vw, 1024px\" \/><\/figure>\n<\/figure>\n\n\n\n<p>18 de febrero del 2026. La presidenta municipal, Mtra. Fabiola Ricci Diestel, y el secretario de Protecci\u00f3n Civil del Estado, Mauricio Cordero Rodr\u00edguez, realizaron un recorrido de supervisi\u00f3n en el Parque de la Feria de la Primavera y de la Paz, en San Crist\u00f3bal de Las Casas, con el objetivo de verificar las condiciones y previsiones rumbo a esta importante celebraci\u00f3n.<\/p>\n\n\n\n<p>Durante su intervenci\u00f3n, la alcaldesa destac\u00f3 que se est\u00e1n llevando a cabo las acciones necesarias para asegurar el \u00e9xito del evento, priorizando la organizaci\u00f3n y la seguridad de las y los asistentes.<\/p>\n\n\n\n<p>Por su parte, el secretario de Protecci\u00f3n Civil del Estado reconoci\u00f3 el compromiso del Gobierno Municipal para ofrecer una feria con artistas de calidad, instalaciones adecuadas y, sobre todo, condiciones seguras para las familias.<\/p>\n\n\n\n<p>Finalmente, la presidenta municipal inform\u00f3 que se trabajar\u00e1 de manera coordinada con las corporaciones de seguridad y auxilio para garantizar la protecci\u00f3n de la ciudadan\u00eda, reafirmando que la Feria de la Primavera y de La Paz 2026 ser\u00e1 una celebraci\u00f3n segura y bien organizada para el disfrute de todas y todos.<\/p>\n","protected":false},"excerpt":{"rendered":"<p>18 de febrero del 2026. La presidenta municipal, Mtra. Fabiola Ricci Diestel, y el secretario de Protecci\u00f3n Civil del Estado, Mauricio Cordero Rodr\u00edguez, realizaron un recorrido de supervisi\u00f3n en el Parque de la Feria de la Primavera y de la Paz, en San Crist\u00f3bal de Las Casas, con el objetivo de verificar las condiciones y &hellip;<\/p>\n","protected":false},"author":2,"featured_media":26513,"comment_status":"open","ping_status":"open","sticky":false,"template":"","format":"standard","meta":{"footnotes":""},"categories":[7],"tags":[],"class_list":["post-26512","post","type-post","status-publish","format-standard","has-post-thumbnail","","category-chiapas"],"_links":{"self":[{"href":"https:\/\/reporteciudadanochiapas.com\/index.php?rest_route=\/wp\/v2\/posts\/26512","targetHints":{"allow":["GET"]}}],"collection":[{"href":"https:\/\/reporteciudadanochiapas.com\/index.php?rest_route=\/wp\/v2\/posts"}],"about":[{"href":"https:\/\/reporteciudadanochiapas.com\/index.php?rest_route=\/wp\/v2\/types\/post"}],"author":[{"embeddable":true,"href":"https:\/\/reporteciudadanochiapas.com\/index.php?rest_route=\/wp\/v2\/users\/2"}],"replies":[{"embeddable":true,"href":"https:\/\/reporteciudadanochiapas.com\/index.php?rest_route=%2Fwp%2Fv2%2Fcomments&post=26512"}],"version-history":[{"count":1,"href":"https:\/\/reporteciudadanochiapas.com\/index.php?rest_route=\/wp\/v2\/posts\/26512\/revisions"}],"predecessor-version":[{"id":26516,"href":"https:\/\/reporteciudadanochiapas.com\/index.php?rest_route=\/wp\/v2\/posts\/26512\/revisions\/26516"}],"wp:featuredmedia":[{"embeddable":true,"href":"https:\/\/reporteciudadanochiapas.com\/index.php?rest_route=\/wp\/v2\/media\/26513"}],"wp:attachment":[{"href":"https:\/\/reporteciudadanochiapas.com\/index.php?rest_route=%2Fwp%2Fv2%2Fmedia&parent=26512"}],"wp:term":[{"taxonomy":"category","embeddable":true,"href":"https:\/\/reporteciudadanochiapas.com\/index.php?rest_route=%2Fwp%2Fv2%2Fcategories&post=26512"},{"taxonomy":"post_tag","embeddable":true,"href":"https:\/\/reporteciudadanochiapas.com\/index.php?rest_route=%2Fwp%2Fv2%2Ftags&post=26512"}],"curies":[{"name":"wp","href":"https:\/\/api.w.org\/{rel}","templated":true}]}}