{"id":26500,"date":"2026-02-18T02:46:31","date_gmt":"2026-02-18T02:46:31","guid":{"rendered":"https:\/\/reporteciudadanochiapas.com\/?p=26500"},"modified":"2026-02-18T02:46:34","modified_gmt":"2026-02-18T02:46:34","slug":"evangelicos-de-chanal-exigen-justicia-tras-agresion-senalan-a-presuntos-responsables","status":"publish","type":"post","link":"https:\/\/reporteciudadanochiapas.com\/?p=26500","title":{"rendered":"Evang\u00e9licos de Chanal exigen justicia tras agresi\u00f3n; se\u00f1alan a presuntos responsables"},"content":{"rendered":"\n<figure class=\"wp-block-gallery has-nested-images columns-default is-cropped wp-block-gallery-1 is-layout-flex wp-block-gallery-is-layout-flex\">\n<figure class=\"wp-block-image size-large\"><img loading=\"lazy\" decoding=\"async\" width=\"1024\" height=\"768\" data-id=\"26502\" src=\"https:\/\/reporteciudadanochiapas.com\/wp-content\/uploads\/2026\/02\/1000605528-1024x768.jpg\" alt=\"\" class=\"wp-image-26502\" srcset=\"https:\/\/reporteciudadanochiapas.com\/wp-content\/uploads\/2026\/02\/1000605528-1024x768.jpg 1024w, https:\/\/reporteciudadanochiapas.com\/wp-content\/uploads\/2026\/02\/1000605528-300x225.jpg 300w, https:\/\/reporteciudadanochiapas.com\/wp-content\/uploads\/2026\/02\/1000605528-768x576.jpg 768w, https:\/\/reporteciudadanochiapas.com\/wp-content\/uploads\/2026\/02\/1000605528.jpg 1428w\" sizes=\"auto, (max-width: 1024px) 100vw, 1024px\" \/><\/figure>\n\n\n\n<figure class=\"wp-block-image size-large\"><img loading=\"lazy\" decoding=\"async\" width=\"1024\" height=\"576\" data-id=\"26501\" src=\"https:\/\/reporteciudadanochiapas.com\/wp-content\/uploads\/2026\/02\/1000605529-1024x576.jpg\" alt=\"\" class=\"wp-image-26501\" srcset=\"https:\/\/reporteciudadanochiapas.com\/wp-content\/uploads\/2026\/02\/1000605529-1024x576.jpg 1024w, https:\/\/reporteciudadanochiapas.com\/wp-content\/uploads\/2026\/02\/1000605529-300x169.jpg 300w, https:\/\/reporteciudadanochiapas.com\/wp-content\/uploads\/2026\/02\/1000605529-768x432.jpg 768w, https:\/\/reporteciudadanochiapas.com\/wp-content\/uploads\/2026\/02\/1000605529-1536x864.jpg 1536w, https:\/\/reporteciudadanochiapas.com\/wp-content\/uploads\/2026\/02\/1000605529.jpg 1600w\" sizes=\"auto, (max-width: 1024px) 100vw, 1024px\" \/><\/figure>\n<\/figure>\n\n\n\n<p>Yolanda Rodr\u00edguez\/ corresponsal<br>17 de febrero del 2026. San Crist\u00f3bal de Las Casas.\u2013 Personas evang\u00e9licas que fueron agredidas el pasado 31 de enero en la cabecera municipal de Chanal hicieron un llamado respetuoso al fiscal general del estado, Jorge Luis Llaven Abarca, para que se atienda el caso y se deslinden responsabilidades en contra de quienes resulten responsables. Acompa\u00f1ados por su asesora jur\u00eddica, pidieron que el proceso se lleve con apego a la ley y sin impunidad.<\/p>\n\n\n\n<p>Uno de los afectados relat\u00f3 que el 31 de enero fue interceptado presuntamente por Alfredo N\u00fa\u00f1ez G\u00f3mez, quien, junto con familiares, lo habr\u00eda agredido f\u00edsicamente cuando circulaba por una de las calles del municipio. Se\u00f1al\u00f3 que logr\u00f3 huir y solicitar auxilio, y asegur\u00f3 contar con pruebas que respaldan su versi\u00f3n de los hechos.<\/p>\n\n\n\n<p>Los denunciantes informaron que entre las v\u00edctimas se encuentra un pastor que permanece grave de salud, as\u00ed como otras personas lesionadas, sumando un total de cinco afectados: tres mujeres y dos hombres. Indicaron que ya interpusieron la denuncia correspondiente ante el Ministerio P\u00fablico y que han integrado dict\u00e1menes m\u00e9dicos y otros elementos probatorios a la carpeta de investigaci\u00f3n.<\/p>\n\n\n\n<p>Asimismo, se\u00f1alaron a diversas personas, como Marciano G\u00f3mez L\u00f3pez, como presuntas responsables, y manifestaron temor por la integridad de sus familias y compa\u00f1eros del gremio transportista. Finalmente, reiteraron su petici\u00f3n a la Fiscal\u00eda para que el caso se investigue a fondo y se garantice justicia conforme a derecho.<\/p>\n","protected":false},"excerpt":{"rendered":"<p>Yolanda Rodr\u00edguez\/ corresponsal17 de febrero del 2026. San Crist\u00f3bal de Las Casas.\u2013 Personas evang\u00e9licas que fueron agredidas el pasado 31 de enero en la cabecera municipal de Chanal hicieron un llamado respetuoso al fiscal general del estado, Jorge Luis Llaven Abarca, para que se atienda el caso y se deslinden responsabilidades en contra de quienes &hellip;<\/p>\n","protected":false},"author":2,"featured_media":26502,"comment_status":"open","ping_status":"open","sticky":false,"template":"","format":"standard","meta":{"footnotes":""},"categories":[7],"tags":[],"class_list":["post-26500","post","type-post","status-publish","format-standard","has-post-thumbnail","","category-chiapas"],"_links":{"self":[{"href":"https:\/\/reporteciudadanochiapas.com\/index.php?rest_route=\/wp\/v2\/posts\/26500","targetHints":{"allow":["GET"]}}],"collection":[{"href":"https:\/\/reporteciudadanochiapas.com\/index.php?rest_route=\/wp\/v2\/posts"}],"about":[{"href":"https:\/\/reporteciudadanochiapas.com\/index.php?rest_route=\/wp\/v2\/types\/post"}],"author":[{"embeddable":true,"href":"https:\/\/reporteciudadanochiapas.com\/index.php?rest_route=\/wp\/v2\/users\/2"}],"replies":[{"embeddable":true,"href":"https:\/\/reporteciudadanochiapas.com\/index.php?rest_route=%2Fwp%2Fv2%2Fcomments&post=26500"}],"version-history":[{"count":1,"href":"https:\/\/reporteciudadanochiapas.com\/index.php?rest_route=\/wp\/v2\/posts\/26500\/revisions"}],"predecessor-version":[{"id":26503,"href":"https:\/\/reporteciudadanochiapas.com\/index.php?rest_route=\/wp\/v2\/posts\/26500\/revisions\/26503"}],"wp:featuredmedia":[{"embeddable":true,"href":"https:\/\/reporteciudadanochiapas.com\/index.php?rest_route=\/wp\/v2\/media\/26502"}],"wp:attachment":[{"href":"https:\/\/reporteciudadanochiapas.com\/index.php?rest_route=%2Fwp%2Fv2%2Fmedia&parent=26500"}],"wp:term":[{"taxonomy":"category","embeddable":true,"href":"https:\/\/reporteciudadanochiapas.com\/index.php?rest_route=%2Fwp%2Fv2%2Fcategories&post=26500"},{"taxonomy":"post_tag","embeddable":true,"href":"https:\/\/reporteciudadanochiapas.com\/index.php?rest_route=%2Fwp%2Fv2%2Ftags&post=26500"}],"curies":[{"name":"wp","href":"https:\/\/api.w.org\/{rel}","templated":true}]}}