{"id":26169,"date":"2026-01-16T02:42:24","date_gmt":"2026-01-16T02:42:24","guid":{"rendered":"https:\/\/reporteciudadanochiapas.com\/?p=26169"},"modified":"2026-01-16T02:42:25","modified_gmt":"2026-01-16T02:42:25","slug":"motociclista-resulta-lesionado-por-corte-de-circulacion","status":"publish","type":"post","link":"https:\/\/reporteciudadanochiapas.com\/?p=26169","title":{"rendered":"Motociclista resulta lesionado por corte de circulaci\u00f3n"},"content":{"rendered":"\n<figure class=\"wp-block-image size-large\"><img loading=\"lazy\" decoding=\"async\" width=\"1024\" height=\"577\" src=\"https:\/\/reporteciudadanochiapas.com\/wp-content\/uploads\/2026\/01\/1000548311-1024x577.jpg\" alt=\"\" class=\"wp-image-26170\" srcset=\"https:\/\/reporteciudadanochiapas.com\/wp-content\/uploads\/2026\/01\/1000548311-1024x577.jpg 1024w, https:\/\/reporteciudadanochiapas.com\/wp-content\/uploads\/2026\/01\/1000548311-300x169.jpg 300w, https:\/\/reporteciudadanochiapas.com\/wp-content\/uploads\/2026\/01\/1000548311-768x432.jpg 768w, https:\/\/reporteciudadanochiapas.com\/wp-content\/uploads\/2026\/01\/1000548311-1536x865.jpg 1536w, https:\/\/reporteciudadanochiapas.com\/wp-content\/uploads\/2026\/01\/1000548311-2048x1153.jpg 2048w\" sizes=\"auto, (max-width: 1024px) 100vw, 1024px\" \/><\/figure>\n\n\n\n<p>Jairo Camacho.<\/p>\n\n\n\n<p>Agencia ReporteCiudadano, 15 de enero del 2026. Tuxtla Guti\u00e9rrez.- Este jueves por la tarde un motociclista result\u00f3 herido al ser embestido por un autom\u00f3vil en la Colonia Las Palmas de Tuxtla Guti\u00e9rrez.<\/p>\n\n\n\n<p>De acuerdo con los reportes oficiales este hecho ocurri\u00f3 sobre el Bulevar Las Palmas y Palma Areca cuando un autom\u00f3vil March blanco propiedad de una reconocida empresa cervecera se pas\u00f3 la preferencia lo que provoc\u00f3 un corte de circulaci\u00f3n a un motociclista.<\/p>\n\n\n\n<p>Por el golpe el conductor de una motoneta de color roja sali\u00f3 volando y se estrell\u00f3 contra el pavimento.<\/p>\n\n\n\n<p>A pesar de lo aparatoso del accidente el motociclista no result\u00f3 con heridas de consideraci\u00f3n.<\/p>\n\n\n\n<p>Al lugar arrib\u00f3 personal de tr\u00e1nsito para mediar en la situaci\u00f3n y finalmente los involucrados llegaron a un acuerdo armonioso.<\/p>\n","protected":false},"excerpt":{"rendered":"<p>Jairo Camacho. Agencia ReporteCiudadano, 15 de enero del 2026. Tuxtla Guti\u00e9rrez.- Este jueves por la tarde un motociclista result\u00f3 herido al ser embestido por un autom\u00f3vil en la Colonia Las Palmas de Tuxtla Guti\u00e9rrez. De acuerdo con los reportes oficiales este hecho ocurri\u00f3 sobre el Bulevar Las Palmas y Palma Areca cuando un autom\u00f3vil March &hellip;<\/p>\n","protected":false},"author":2,"featured_media":26170,"comment_status":"open","ping_status":"open","sticky":false,"template":"","format":"standard","meta":{"footnotes":""},"categories":[4],"tags":[],"class_list":["post-26169","post","type-post","status-publish","format-standard","has-post-thumbnail","","category-roja"],"_links":{"self":[{"href":"https:\/\/reporteciudadanochiapas.com\/index.php?rest_route=\/wp\/v2\/posts\/26169","targetHints":{"allow":["GET"]}}],"collection":[{"href":"https:\/\/reporteciudadanochiapas.com\/index.php?rest_route=\/wp\/v2\/posts"}],"about":[{"href":"https:\/\/reporteciudadanochiapas.com\/index.php?rest_route=\/wp\/v2\/types\/post"}],"author":[{"embeddable":true,"href":"https:\/\/reporteciudadanochiapas.com\/index.php?rest_route=\/wp\/v2\/users\/2"}],"replies":[{"embeddable":true,"href":"https:\/\/reporteciudadanochiapas.com\/index.php?rest_route=%2Fwp%2Fv2%2Fcomments&post=26169"}],"version-history":[{"count":1,"href":"https:\/\/reporteciudadanochiapas.com\/index.php?rest_route=\/wp\/v2\/posts\/26169\/revisions"}],"predecessor-version":[{"id":26171,"href":"https:\/\/reporteciudadanochiapas.com\/index.php?rest_route=\/wp\/v2\/posts\/26169\/revisions\/26171"}],"wp:featuredmedia":[{"embeddable":true,"href":"https:\/\/reporteciudadanochiapas.com\/index.php?rest_route=\/wp\/v2\/media\/26170"}],"wp:attachment":[{"href":"https:\/\/reporteciudadanochiapas.com\/index.php?rest_route=%2Fwp%2Fv2%2Fmedia&parent=26169"}],"wp:term":[{"taxonomy":"category","embeddable":true,"href":"https:\/\/reporteciudadanochiapas.com\/index.php?rest_route=%2Fwp%2Fv2%2Fcategories&post=26169"},{"taxonomy":"post_tag","embeddable":true,"href":"https:\/\/reporteciudadanochiapas.com\/index.php?rest_route=%2Fwp%2Fv2%2Ftags&post=26169"}],"curies":[{"name":"wp","href":"https:\/\/api.w.org\/{rel}","templated":true}]}}