{"id":26149,"date":"2026-01-14T03:15:50","date_gmt":"2026-01-14T03:15:50","guid":{"rendered":"https:\/\/reporteciudadanochiapas.com\/?p=26149"},"modified":"2026-01-14T03:15:51","modified_gmt":"2026-01-14T03:15:51","slug":"continuan-los-cortes-de-energia-electrica-en-diferentes-regiones-de-chiapas","status":"publish","type":"post","link":"https:\/\/reporteciudadanochiapas.com\/?p=26149","title":{"rendered":"Contin\u00faan los cortes de energ\u00eda el\u00e9ctrica en diferentes regiones de Chiapas"},"content":{"rendered":"\n<figure class=\"wp-block-image size-large\"><img loading=\"lazy\" decoding=\"async\" width=\"881\" height=\"1024\" src=\"https:\/\/reporteciudadanochiapas.com\/wp-content\/uploads\/2026\/01\/1000544643-881x1024.jpg\" alt=\"\" class=\"wp-image-26150\" srcset=\"https:\/\/reporteciudadanochiapas.com\/wp-content\/uploads\/2026\/01\/1000544643-881x1024.jpg 881w, https:\/\/reporteciudadanochiapas.com\/wp-content\/uploads\/2026\/01\/1000544643-258x300.jpg 258w, https:\/\/reporteciudadanochiapas.com\/wp-content\/uploads\/2026\/01\/1000544643-768x893.jpg 768w, https:\/\/reporteciudadanochiapas.com\/wp-content\/uploads\/2026\/01\/1000544643.jpg 990w\" sizes=\"auto, (max-width: 881px) 100vw, 881px\" \/><\/figure>\n\n\n\n<p>Manuel Jim\u00e9nez.<\/p>\n\n\n\n<p>13 de enero del 2026. Tuxtla Guti\u00e9rrez.- La Comisi\u00f3n Federal de Electricidad (CFE) inform\u00f3 que este jueves 15 de enero se realizar\u00e1 un corte programado de energ\u00eda el\u00e9ctrica en once comunidades del municipio de Tonal\u00e1, como parte de los trabajos de mantenimiento y mejora de la red de distribuci\u00f3n en la costa chiapaneca.<\/p>\n\n\n\n<p>La interrupci\u00f3n del suministro est\u00e1 prevista de 7:00 a 15:00 horas, con una duraci\u00f3n estimada de ocho horas. Las labores tienen como objetivo modernizar y reforzar la infraestructura el\u00e9ctrica para garantizar un servicio m\u00e1s estable y de mayor calidad en la regi\u00f3n.<br>Localidades afectadas:<br>Boca del Cielo<br>Ejido Los Cocos<br>Calzada Huachipil\u00edn<br>Belisario Dom\u00ednguez<br>Vicente Guerrero<br>La Laguna<br>Las Manzanas<br>Rancher\u00eda Los Mangos<br>Cabeza de Toro<br>Pueblo Nuevo<br>Ejido El Para\u00edso (Segunda Secci\u00f3n)<br>La CFE pidi\u00f3 a los habitantes y comercios de estas zonas tomar precauciones y realizar los preparativos necesarios ante la suspensi\u00f3n temporal. Asimismo, destac\u00f3 que los trabajos deben realizarse con las l\u00edneas desenergizadas por seguridad del personal t\u00e9cnico.<\/p>\n\n\n\n<p>La paraestatal agradeci\u00f3 la comprensi\u00f3n de los usuarios y reiter\u00f3 su compromiso con el mejoramiento continuo del servicio el\u00e9ctrico. Para consultas o reportes, la ciudadan\u00eda puede comunicarse a la l\u00ednea de atenci\u00f3n 071.<\/p>\n","protected":false},"excerpt":{"rendered":"<p>Manuel Jim\u00e9nez. 13 de enero del 2026. Tuxtla Guti\u00e9rrez.- La Comisi\u00f3n Federal de Electricidad (CFE) inform\u00f3 que este jueves 15 de enero se realizar\u00e1 un corte programado de energ\u00eda el\u00e9ctrica en once comunidades del municipio de Tonal\u00e1, como parte de los trabajos de mantenimiento y mejora de la red de distribuci\u00f3n en la costa chiapaneca. &hellip;<\/p>\n","protected":false},"author":2,"featured_media":26150,"comment_status":"open","ping_status":"open","sticky":false,"template":"","format":"standard","meta":{"footnotes":""},"categories":[6],"tags":[],"class_list":["post-26149","post","type-post","status-publish","format-standard","has-post-thumbnail","","category-tuxtla"],"_links":{"self":[{"href":"https:\/\/reporteciudadanochiapas.com\/index.php?rest_route=\/wp\/v2\/posts\/26149","targetHints":{"allow":["GET"]}}],"collection":[{"href":"https:\/\/reporteciudadanochiapas.com\/index.php?rest_route=\/wp\/v2\/posts"}],"about":[{"href":"https:\/\/reporteciudadanochiapas.com\/index.php?rest_route=\/wp\/v2\/types\/post"}],"author":[{"embeddable":true,"href":"https:\/\/reporteciudadanochiapas.com\/index.php?rest_route=\/wp\/v2\/users\/2"}],"replies":[{"embeddable":true,"href":"https:\/\/reporteciudadanochiapas.com\/index.php?rest_route=%2Fwp%2Fv2%2Fcomments&post=26149"}],"version-history":[{"count":1,"href":"https:\/\/reporteciudadanochiapas.com\/index.php?rest_route=\/wp\/v2\/posts\/26149\/revisions"}],"predecessor-version":[{"id":26151,"href":"https:\/\/reporteciudadanochiapas.com\/index.php?rest_route=\/wp\/v2\/posts\/26149\/revisions\/26151"}],"wp:featuredmedia":[{"embeddable":true,"href":"https:\/\/reporteciudadanochiapas.com\/index.php?rest_route=\/wp\/v2\/media\/26150"}],"wp:attachment":[{"href":"https:\/\/reporteciudadanochiapas.com\/index.php?rest_route=%2Fwp%2Fv2%2Fmedia&parent=26149"}],"wp:term":[{"taxonomy":"category","embeddable":true,"href":"https:\/\/reporteciudadanochiapas.com\/index.php?rest_route=%2Fwp%2Fv2%2Fcategories&post=26149"},{"taxonomy":"post_tag","embeddable":true,"href":"https:\/\/reporteciudadanochiapas.com\/index.php?rest_route=%2Fwp%2Fv2%2Ftags&post=26149"}],"curies":[{"name":"wp","href":"https:\/\/api.w.org\/{rel}","templated":true}]}}