{"id":26135,"date":"2026-01-13T02:37:35","date_gmt":"2026-01-13T02:37:35","guid":{"rendered":"https:\/\/reporteciudadanochiapas.com\/?p=26135"},"modified":"2026-01-13T02:37:37","modified_gmt":"2026-01-13T02:37:37","slug":"atraso-en-pagos-y-recorte-de-salarios-senalan-interinos","status":"publish","type":"post","link":"https:\/\/reporteciudadanochiapas.com\/?p=26135","title":{"rendered":"Atraso en pagos y recorte de salarios, se\u00f1alan interinos"},"content":{"rendered":"\n<figure class=\"wp-block-image size-large\"><img loading=\"lazy\" decoding=\"async\" width=\"1024\" height=\"576\" src=\"https:\/\/reporteciudadanochiapas.com\/wp-content\/uploads\/2026\/01\/1000540977-1024x576.jpg\" alt=\"\" class=\"wp-image-26136\" srcset=\"https:\/\/reporteciudadanochiapas.com\/wp-content\/uploads\/2026\/01\/1000540977-1024x576.jpg 1024w, https:\/\/reporteciudadanochiapas.com\/wp-content\/uploads\/2026\/01\/1000540977-300x169.jpg 300w, https:\/\/reporteciudadanochiapas.com\/wp-content\/uploads\/2026\/01\/1000540977-768x432.jpg 768w, https:\/\/reporteciudadanochiapas.com\/wp-content\/uploads\/2026\/01\/1000540977.jpg 1280w\" sizes=\"auto, (max-width: 1024px) 100vw, 1024px\" \/><\/figure>\n\n\n\n<p>Manuel Jim\u00e9nez.<\/p>\n\n\n\n<p>12 de enero del 2026. Este lunes interinos de la Universidad Pedag\u00f3gica Nacional (UPN) campus Chiapas realizaron una protesta p\u00fablica en las instalaciones universitarias para denunciar lo que califican como \u201cviolaci\u00f3n sistem\u00e1tica\u201d a sus derechos laborales por parte de las autoridades educativas estatales.<\/p>\n\n\n\n<p>Los docentes, quienes prestaron servicios durante el primer semestre de 2025, expusieron retrasos de hasta seis meses en el pago de salarios, reducciones unilaterales de sueldo y presiones para firmar documentos bajo condiciones que consideran intimidatorias.<\/p>\n\n\n\n<p>En un pronunciamiento dirigido al gobernador Eduardo Ram\u00edrez Aguilar y a la Secretar\u00eda de Educaci\u00f3n Federalizada Ind\u00edgena, los maestros detallaron los incumplimientos al contrato de interinato vigente del 1 de enero al 15 de julio de 2025. Se\u00f1alaron que los pagos correspondientes a ese periodo se realizaron hasta enero de 2026, generando severas afectaciones econ\u00f3micas personales y familiares.<\/p>\n\n\n\n<p>\u201cDurante el desarrollo y posterior conclusi\u00f3n del periodo laboral, la autoridad educativa ha incurrido en graves irregularidades, mismas que constituyen una clara violaci\u00f3n a nuestros derechos laborales\u201d, afirmaron durante la denuncia.<\/p>\n\n\n\n<p>Uno de los puntos m\u00e1s cr\u00edticos es la reducci\u00f3n no autorizada de sus percepciones quincenales, que pasaron de aproximadamente 6,700 a 4,800 pesos sin previo aviso. Seg\u00fan los afectados, la justificaci\u00f3n de las autoridades fue que \u201cya no hay recurso necesario para tener un sueldo digno\u201d.<\/p>\n\n\n\n<p>Adem\u00e1s, denuncian que solo se ha cubierto parcialmente el periodo contratado: habr\u00edan recibido \u00fanicamente 29,000 pesos por los meses de enero a marzo, cuando el monto total por los seis meses de servicio ascender\u00eda a entre 42,000 y 43,000 pesos.<\/p>\n\n\n\n<p>Los docentes tambi\u00e9n acusaron un \u201ctrato inhumano\u201d por parte del \u00e1rea de pagadur\u00eda y revelaron que se les ha presionado para firmar documentos de \u201cconformidad y confidencialidad\u201d por montos inferiores a los adeudados, una pr\u00e1ctica que interpretan como coerci\u00f3n.<\/p>\n\n\n\n<p>Entre sus exigencias est\u00e1 que los pagos se realicen de manera oficial, con tal\u00f3n de cheques y en los plazos establecidos, garantizando certeza jur\u00eddica y transparencia.<\/p>\n\n\n\n<p>Ante la falta de respuestas, los profesores hicieron un \u201crespetuoso pero en\u00e9rgico\u201d llamado al gobernador Ram\u00edrez Aguilar para que intervenga y garantice el respeto a sus derechos laborales, en congruencia con \u201cel principio humanista que transforma\u201d.<\/p>\n","protected":false},"excerpt":{"rendered":"<p>Manuel Jim\u00e9nez. 12 de enero del 2026. Este lunes interinos de la Universidad Pedag\u00f3gica Nacional (UPN) campus Chiapas realizaron una protesta p\u00fablica en las instalaciones universitarias para denunciar lo que califican como \u201cviolaci\u00f3n sistem\u00e1tica\u201d a sus derechos laborales por parte de las autoridades educativas estatales. Los docentes, quienes prestaron servicios durante el primer semestre de &hellip;<\/p>\n","protected":false},"author":2,"featured_media":26136,"comment_status":"open","ping_status":"open","sticky":false,"template":"","format":"standard","meta":{"footnotes":""},"categories":[6],"tags":[],"class_list":["post-26135","post","type-post","status-publish","format-standard","has-post-thumbnail","","category-tuxtla"],"_links":{"self":[{"href":"https:\/\/reporteciudadanochiapas.com\/index.php?rest_route=\/wp\/v2\/posts\/26135","targetHints":{"allow":["GET"]}}],"collection":[{"href":"https:\/\/reporteciudadanochiapas.com\/index.php?rest_route=\/wp\/v2\/posts"}],"about":[{"href":"https:\/\/reporteciudadanochiapas.com\/index.php?rest_route=\/wp\/v2\/types\/post"}],"author":[{"embeddable":true,"href":"https:\/\/reporteciudadanochiapas.com\/index.php?rest_route=\/wp\/v2\/users\/2"}],"replies":[{"embeddable":true,"href":"https:\/\/reporteciudadanochiapas.com\/index.php?rest_route=%2Fwp%2Fv2%2Fcomments&post=26135"}],"version-history":[{"count":1,"href":"https:\/\/reporteciudadanochiapas.com\/index.php?rest_route=\/wp\/v2\/posts\/26135\/revisions"}],"predecessor-version":[{"id":26137,"href":"https:\/\/reporteciudadanochiapas.com\/index.php?rest_route=\/wp\/v2\/posts\/26135\/revisions\/26137"}],"wp:featuredmedia":[{"embeddable":true,"href":"https:\/\/reporteciudadanochiapas.com\/index.php?rest_route=\/wp\/v2\/media\/26136"}],"wp:attachment":[{"href":"https:\/\/reporteciudadanochiapas.com\/index.php?rest_route=%2Fwp%2Fv2%2Fmedia&parent=26135"}],"wp:term":[{"taxonomy":"category","embeddable":true,"href":"https:\/\/reporteciudadanochiapas.com\/index.php?rest_route=%2Fwp%2Fv2%2Fcategories&post=26135"},{"taxonomy":"post_tag","embeddable":true,"href":"https:\/\/reporteciudadanochiapas.com\/index.php?rest_route=%2Fwp%2Fv2%2Ftags&post=26135"}],"curies":[{"name":"wp","href":"https:\/\/api.w.org\/{rel}","templated":true}]}}